{"id":9034,"date":"2013-02-14T17:00:40","date_gmt":"2013-02-14T21:00:40","guid":{"rendered":"http:\/\/www.yungayino.cl\/noticias\/?p=9034"},"modified":"2013-02-14T18:07:27","modified_gmt":"2013-02-14T22:07:27","slug":"luis-jara-realizo-concierto-en-pemuco","status":"publish","type":"post","link":"https:\/\/www.yungayino.cl\/noticias\/?p=9034","title":{"rendered":"Luis Jara Realiz\u00f3 Concierto en Pemuco"},"content":{"rendered":"<p><img loading=\"lazy\" decoding=\"async\" alt=\"YUNGAYINO.CL - - El Portal de Yungay\" src=\"http:\/\/www.yungayino.cl\/imagenes\/luisjara2013.jpg\" width=\"500\" height=\"200\" \/><\/p>\n<p><span style=\"font-size: small; font-family: arial,helvetica,sans-serif;\">Pemuco, mi\u00e9rcoles 13 de febrero con un espectacular concierto de Luis Jara se llevo a cabo una noche m\u00e1s de la Semana Pemucana 2013. El exponente de la m\u00fasica rom\u00e1ntica nacional deleit\u00f3 al p\u00fablico presente con la interpretaci\u00f3n de sus grandes \u00e9xitos como \u201cNo S\u00e9 Olvidarte\u201d, \u201cMa\u00f1ana\u201d y el infaltable \u201cUn Golpe de Suerte\u201d, los cuales fueron en todo momento coreados por los asistentes. Luego de terminado el espect\u00e1culo, el artista pos\u00f3 para las c\u00e1maras del Portal Yungayino.cl y adem\u00e1s manifest\u00f3 sentirse muy bien con la gente que lo recibi\u00f3 de una excelente manera en su visita a Pemuco.<\/span><\/p>\n<p><span style=\"font-size: small; font-family: arial,helvetica,sans-serif;\"><a href=\"http:\/\/www.facebook.com\/media\/set\/?set=a.599417056740004.150310.159561284058919&amp;type=1\">Fotograf\u00edas<\/a><\/span><\/p>\n","protected":false},"excerpt":{"rendered":"<p>Pemuco, mi\u00e9rcoles 13 de febrero con un espectacular concierto de Luis Jara se llevo a cabo una noche m\u00e1s de la Semana Pemucana 2013. El exponente de la m\u00fasica rom\u00e1ntica nacional deleit\u00f3 al p\u00fablico&#46;&#46;&#46;<\/p>\n","protected":false},"author":2,"featured_media":16171,"comment_status":"open","ping_status":"open","sticky":false,"template":"","format":"standard","meta":{"footnotes":""},"categories":[1],"tags":[632,312,1115,30,8,6],"class_list":["post-9034","post","type-post","status-publish","format-standard","has-post-thumbnail","hentry","category-noticias","tag-los-nocheros","tag-luis-jara","tag-noticias","tag-pemuco","tag-yungay","tag-yungayino"],"_links":{"self":[{"href":"https:\/\/www.yungayino.cl\/noticias\/index.php?rest_route=\/wp\/v2\/posts\/9034","targetHints":{"allow":["GET"]}}],"collection":[{"href":"https:\/\/www.yungayino.cl\/noticias\/index.php?rest_route=\/wp\/v2\/posts"}],"about":[{"href":"https:\/\/www.yungayino.cl\/noticias\/index.php?rest_route=\/wp\/v2\/types\/post"}],"author":[{"embeddable":true,"href":"https:\/\/www.yungayino.cl\/noticias\/index.php?rest_route=\/wp\/v2\/users\/2"}],"replies":[{"embeddable":true,"href":"https:\/\/www.yungayino.cl\/noticias\/index.php?rest_route=%2Fwp%2Fv2%2Fcomments&post=9034"}],"version-history":[{"count":4,"href":"https:\/\/www.yungayino.cl\/noticias\/index.php?rest_route=\/wp\/v2\/posts\/9034\/revisions"}],"predecessor-version":[{"id":9047,"href":"https:\/\/www.yungayino.cl\/noticias\/index.php?rest_route=\/wp\/v2\/posts\/9034\/revisions\/9047"}],"wp:featuredmedia":[{"embeddable":true,"href":"https:\/\/www.yungayino.cl\/noticias\/index.php?rest_route=\/wp\/v2\/media\/16171"}],"wp:attachment":[{"href":"https:\/\/www.yungayino.cl\/noticias\/index.php?rest_route=%2Fwp%2Fv2%2Fmedia&parent=9034"}],"wp:term":[{"taxonomy":"category","embeddable":true,"href":"https:\/\/www.yungayino.cl\/noticias\/index.php?rest_route=%2Fwp%2Fv2%2Fcategories&post=9034"},{"taxonomy":"post_tag","embeddable":true,"href":"https:\/\/www.yungayino.cl\/noticias\/index.php?rest_route=%2Fwp%2Fv2%2Ftags&post=9034"}],"curies":[{"name":"wp","href":"https:\/\/api.w.org\/{rel}","templated":true}]}}