{"id":9050,"date":"2013-02-15T13:06:22","date_gmt":"2013-02-15T17:06:22","guid":{"rendered":"http:\/\/www.yungayino.cl\/noticias\/?p=9050"},"modified":"2013-02-15T16:32:11","modified_gmt":"2013-02-15T20:32:11","slug":"tercera-noche-de-feria-costumbrista-2013-en-yungay","status":"publish","type":"post","link":"https:\/\/www.yungayino.cl\/noticias\/?p=9050","title":{"rendered":"Tercera Noche de Feria Costumbrista 2013 en Yungay"},"content":{"rendered":"<p><img loading=\"lazy\" decoding=\"async\" alt=\"YUNGAYINO.CL - - El Portal de Yungay\" src=\"http:\/\/www.yungayino.cl\/imagenes\/20130214feria.jpg\" width=\"500\" height=\"200\" \/><\/p>\n<p><span style=\"font-size: small; font-family: arial,helvetica,sans-serif;\">Yungay, Jueves 14 de febrero se llev\u00f3 a cabo una nueva jornada de la Feria Costumbrista 2013, donde el p\u00fablico pudo disfrutar de la presentaci\u00f3n del <b>\u201cGrupo Folcl\u00f3rico Cantares\u201d,<\/b> quienes nos deleitaron con sus temas y coreograf\u00edas demostrando as\u00ed el gran talento que existe en nuestra comuna, luego fue el turno de los <b>\u201cHermanos Zabaleta\u201d,<\/b> quienes hicieron cantar a las distintas generaciones que llegaron para ver su impecable presentaci\u00f3n. El cierre de la tercera jornada la realizo el Doble de Marco Antonio Sol\u00eds, quien hizo cantar a los presentes con un repertorio rom\u00e1ntico dedicado especialmente a los enamorados. Finalmente recordar que esta Feria Costumbrista esta organizada por el Municipio y que cuenta con el apoyo del Banco del Estado con el compromiso de promover, desarrollar, proyectar y difundir la producci\u00f3n local, provincial, regional y nacional de nuestras manifestaciones culturales, econ\u00f3micas y sociales.<\/span><\/p>\n<p><span style=\"font-size: small; font-family: arial,helvetica,sans-serif;\"><a href=\"http:\/\/www.facebook.com\/media\/set\/?set=a.599840386697671.150368.159561284058919&amp;type=1\">Fotograf\u00edas<\/a><\/span><\/p>\n","protected":false},"excerpt":{"rendered":"<p>Yungay, Jueves 14 de febrero se llev\u00f3 a cabo una nueva jornada de la Feria Costumbrista 2013, donde el p\u00fablico pudo disfrutar de la presentaci\u00f3n del \u201cGrupo Folcl\u00f3rico Cantares\u201d, quienes nos deleitaron con sus&#46;&#46;&#46;<\/p>\n","protected":false},"author":2,"featured_media":16172,"comment_status":"open","ping_status":"open","sticky":false,"template":"","format":"standard","meta":{"footnotes":""},"categories":[1,15],"tags":[335,24,633,634,1115,8,6],"class_list":["post-9050","post","type-post","status-publish","format-standard","has-post-thumbnail","hentry","category-noticias","category-turismo","tag-cantares","tag-feria-costumbrista","tag-hermanos-zabaleta","tag-marco-antonio-solis","tag-noticias","tag-yungay","tag-yungayino"],"_links":{"self":[{"href":"https:\/\/www.yungayino.cl\/noticias\/index.php?rest_route=\/wp\/v2\/posts\/9050","targetHints":{"allow":["GET"]}}],"collection":[{"href":"https:\/\/www.yungayino.cl\/noticias\/index.php?rest_route=\/wp\/v2\/posts"}],"about":[{"href":"https:\/\/www.yungayino.cl\/noticias\/index.php?rest_route=\/wp\/v2\/types\/post"}],"author":[{"embeddable":true,"href":"https:\/\/www.yungayino.cl\/noticias\/index.php?rest_route=\/wp\/v2\/users\/2"}],"replies":[{"embeddable":true,"href":"https:\/\/www.yungayino.cl\/noticias\/index.php?rest_route=%2Fwp%2Fv2%2Fcomments&post=9050"}],"version-history":[{"count":7,"href":"https:\/\/www.yungayino.cl\/noticias\/index.php?rest_route=\/wp\/v2\/posts\/9050\/revisions"}],"predecessor-version":[{"id":9057,"href":"https:\/\/www.yungayino.cl\/noticias\/index.php?rest_route=\/wp\/v2\/posts\/9050\/revisions\/9057"}],"wp:featuredmedia":[{"embeddable":true,"href":"https:\/\/www.yungayino.cl\/noticias\/index.php?rest_route=\/wp\/v2\/media\/16172"}],"wp:attachment":[{"href":"https:\/\/www.yungayino.cl\/noticias\/index.php?rest_route=%2Fwp%2Fv2%2Fmedia&parent=9050"}],"wp:term":[{"taxonomy":"category","embeddable":true,"href":"https:\/\/www.yungayino.cl\/noticias\/index.php?rest_route=%2Fwp%2Fv2%2Fcategories&post=9050"},{"taxonomy":"post_tag","embeddable":true,"href":"https:\/\/www.yungayino.cl\/noticias\/index.php?rest_route=%2Fwp%2Fv2%2Ftags&post=9050"}],"curies":[{"name":"wp","href":"https:\/\/api.w.org\/{rel}","templated":true}]}}