{"id":9179,"date":"2013-04-05T13:00:45","date_gmt":"2013-04-05T17:00:45","guid":{"rendered":"http:\/\/www.yungayino.cl\/noticias\/?p=9179"},"modified":"2013-04-05T18:30:38","modified_gmt":"2013-04-05T22:30:38","slug":"110-familias-de-yungay-beneficiadas-con-la-construccion-de-sus-casas","status":"publish","type":"post","link":"https:\/\/www.yungayino.cl\/noticias\/?p=9179","title":{"rendered":"110 Familias de Yungay Beneficiadas con la Construcci\u00f3n de sus Casas"},"content":{"rendered":"<p><img loading=\"lazy\" decoding=\"async\" alt=\"YUNGAYINO.CL - El Portal de Yungay\" src=\"http:\/\/www.yungayino.cl\/imagenes\/comite27f.jpg\" width=\"500\" height=\"200\" \/><\/p>\n<p><span style=\"font-size: small; font-family: arial,helvetica,sans-serif;\">Yungay, viernes 05 de abril 2013 a partir de las 10:30 horas y con la visita en terreno del alcalde Pedro Inostroza en compa\u00f1\u00eda del Senador V\u00edctor Perez Varela, el concejal Francisco Gui\u00f1ez y Miguel Badilla de la oficina de vivienda de la I. Municipalidad de Yungay se llevo a cabo una ceremonia simb\u00f3lica en la cual adem\u00e1s participaron representantes del Serviu y Dirigentes Vecinales del \u201cComit\u00e9 de Vivienda 27 de Febrero\u201d para hacer entrega del terreno a la empresa contratista que construir\u00e1 el sue\u00f1o de 110 familias beneficiadas con el Subsidio Habitacional del Programa Fondo Solidario de Elecci\u00f3n de vivienda por parte del Ministerio de Vivienda. Finalmente los beneficiados manifestaron su gran alegr\u00eda por la gran noticia del inicio de construcci\u00f3n del sue\u00f1o de su casa propia y agradecieron a la autoridad comunal por el apoyo, qui\u00e9n adem\u00e1s se comprometi\u00f3 para postular a futuro a un nuevo proyecto que permita ampliar las viviendas.<\/span><\/p>\n<p><a href=\"http:\/\/www.facebook.com\/media\/set\/?set=a.624055110942865.1073741833.159561284058919&amp;type=1\"><span style=\"font-size: small; font-family: arial,helvetica,sans-serif;\">Fotograf\u00edas<\/span><\/a><\/p>\n","protected":false},"excerpt":{"rendered":"<p>Yungay, viernes 05 de abril 2013 a partir de las 10:30 horas y con la visita en terreno del alcalde Pedro Inostroza en compa\u00f1\u00eda del Senador V\u00edctor Perez Varela, el concejal Francisco Gui\u00f1ez y&#46;&#46;&#46;<\/p>\n","protected":false},"author":2,"featured_media":16192,"comment_status":"open","ping_status":"open","sticky":false,"template":"","format":"standard","meta":{"footnotes":""},"categories":[1],"tags":[650,1115,261,8,6],"class_list":["post-9179","post","type-post","status-publish","format-standard","has-post-thumbnail","hentry","category-noticias","tag-comite-27-febrero","tag-noticias","tag-serviu","tag-yungay","tag-yungayino"],"_links":{"self":[{"href":"https:\/\/www.yungayino.cl\/noticias\/index.php?rest_route=\/wp\/v2\/posts\/9179","targetHints":{"allow":["GET"]}}],"collection":[{"href":"https:\/\/www.yungayino.cl\/noticias\/index.php?rest_route=\/wp\/v2\/posts"}],"about":[{"href":"https:\/\/www.yungayino.cl\/noticias\/index.php?rest_route=\/wp\/v2\/types\/post"}],"author":[{"embeddable":true,"href":"https:\/\/www.yungayino.cl\/noticias\/index.php?rest_route=\/wp\/v2\/users\/2"}],"replies":[{"embeddable":true,"href":"https:\/\/www.yungayino.cl\/noticias\/index.php?rest_route=%2Fwp%2Fv2%2Fcomments&post=9179"}],"version-history":[{"count":3,"href":"https:\/\/www.yungayino.cl\/noticias\/index.php?rest_route=\/wp\/v2\/posts\/9179\/revisions"}],"predecessor-version":[{"id":9182,"href":"https:\/\/www.yungayino.cl\/noticias\/index.php?rest_route=\/wp\/v2\/posts\/9179\/revisions\/9182"}],"wp:featuredmedia":[{"embeddable":true,"href":"https:\/\/www.yungayino.cl\/noticias\/index.php?rest_route=\/wp\/v2\/media\/16192"}],"wp:attachment":[{"href":"https:\/\/www.yungayino.cl\/noticias\/index.php?rest_route=%2Fwp%2Fv2%2Fmedia&parent=9179"}],"wp:term":[{"taxonomy":"category","embeddable":true,"href":"https:\/\/www.yungayino.cl\/noticias\/index.php?rest_route=%2Fwp%2Fv2%2Fcategories&post=9179"},{"taxonomy":"post_tag","embeddable":true,"href":"https:\/\/www.yungayino.cl\/noticias\/index.php?rest_route=%2Fwp%2Fv2%2Ftags&post=9179"}],"curies":[{"name":"wp","href":"https:\/\/api.w.org\/{rel}","templated":true}]}}