{"id":9214,"date":"2013-04-22T10:00:40","date_gmt":"2013-04-22T14:00:40","guid":{"rendered":"http:\/\/www.yungayino.cl\/noticias\/?p=9214"},"modified":"2013-06-03T21:19:14","modified_gmt":"2013-06-04T01:19:14","slug":"municipio-y-fundacion-educacional-arauco-inauguran-moderna-biblioteca-publica-en-yungay","status":"publish","type":"post","link":"https:\/\/www.yungayino.cl\/noticias\/?p=9214","title":{"rendered":"Municipio y Fundaci\u00f3n Educacional Arauco Inauguran Moderna Biblioteca P\u00fablica en Yungay"},"content":{"rendered":"<p><img loading=\"lazy\" decoding=\"async\" alt=\"YUNGAYINO.CL - El Portal de Yungay\" src=\"http:\/\/www.yungayino.cl\/imagenes\/inauguracionbiblioteca.jpg\" width=\"500\" height=\"200\" \/><\/p>\n<p><span style=\"font-size: small; font-family: arial,helvetica,sans-serif;\">Yungay, con la presencia del alcalde Pedro Inostroza, la Directora T\u00e9cnica de la Fundaci\u00f3n Educacional Arauco, <strong>Isidora Recart<\/strong>, el Coordinador Nacional de Bibliotecas, Marcos Bravo, el Gerente de la Planta Paneles Trup\u00e1n Cholgu\u00e1n, Jaime Castro, el Gerente de Aserraderos Arauco, Augusto Bedoya Aravena, el Subgerente de Asuntos P\u00fablicos de Arauco Bio-Bio, Guillermo Mendoza, Concejales, autoridades locales y p\u00fablico en general se inaugur\u00f3 la nueva Biblioteca P\u00fablica N\u00b0 64 \u201c<b>Oreste Montero de Yungay\u201d.<\/b> Cabe recordar que esta biblioteca se termin\u00f3 de construir a fines de 2011, gracias a aportes del Fondo de Desarrollo Regional. Una vez lista, la Municipalidad solicit\u00f3 a Fundaci\u00f3n Educacional Arauco que se encargara de realizar el equipamiento, la capacitaci\u00f3n y la asistencia t\u00e9cnica necesaria para que el recinto se convierta en un polo de desarrollo educativo y cultural, que contribuyera para acercar los libros y la cultura a mucha gente de nuestra comuna y de localidades cercanas como Campanario, Cholgu\u00e1n entre otras. Para realizar este proyecto se necesit\u00f3 la donaci\u00f3n de 84 millones de pesos donde la Fundaci\u00f3n Educacional Arauco contrat\u00f3 a la Fundaci\u00f3n La Fuente como organismo ejecutor, adem\u00e1s de contar con el apoyo y la asistencia permanente de la DIBAM de la Regi\u00f3n del B\u00edo B\u00edo. Finalmente y despu\u00e9s del tradicional corte de cinta todos los invitados compartieron un coctel.<\/span><\/p>\n<p><a href=\"http:\/\/www.facebook.com\/media\/set\/?set=a.631462426868800.1073741841.159561284058919&amp;type=1&amp;uploaded=70\"><span style=\"font-size: small; font-family: arial,helvetica,sans-serif;\">Fotograf\u00edas<\/span><\/a><\/p>\n","protected":false},"excerpt":{"rendered":"<p>Yungay, con la presencia del alcalde Pedro Inostroza, la Directora T\u00e9cnica de la Fundaci\u00f3n Educacional Arauco, Isidora Recart, el Coordinador Nacional de Bibliotecas, Marcos Bravo, el Gerente de la Planta Paneles Trup\u00e1n Cholgu\u00e1n, Jaime&#46;&#46;&#46;<\/p>\n","protected":false},"author":2,"featured_media":16200,"comment_status":"open","ping_status":"open","sticky":false,"template":"","format":"standard","meta":{"footnotes":""},"categories":[1],"tags":[350,134,656,1115,250,8,6],"class_list":["post-9214","post","type-post","status-publish","format-standard","has-post-thumbnail","hentry","category-noticias","tag-arauco","tag-biblioteca-publica","tag-biblioteca-publica-oreste-montero","tag-noticias","tag-paneles-arauco","tag-yungay","tag-yungayino"],"_links":{"self":[{"href":"https:\/\/www.yungayino.cl\/noticias\/index.php?rest_route=\/wp\/v2\/posts\/9214","targetHints":{"allow":["GET"]}}],"collection":[{"href":"https:\/\/www.yungayino.cl\/noticias\/index.php?rest_route=\/wp\/v2\/posts"}],"about":[{"href":"https:\/\/www.yungayino.cl\/noticias\/index.php?rest_route=\/wp\/v2\/types\/post"}],"author":[{"embeddable":true,"href":"https:\/\/www.yungayino.cl\/noticias\/index.php?rest_route=\/wp\/v2\/users\/2"}],"replies":[{"embeddable":true,"href":"https:\/\/www.yungayino.cl\/noticias\/index.php?rest_route=%2Fwp%2Fv2%2Fcomments&post=9214"}],"version-history":[{"count":5,"href":"https:\/\/www.yungayino.cl\/noticias\/index.php?rest_route=\/wp\/v2\/posts\/9214\/revisions"}],"predecessor-version":[{"id":9442,"href":"https:\/\/www.yungayino.cl\/noticias\/index.php?rest_route=\/wp\/v2\/posts\/9214\/revisions\/9442"}],"wp:featuredmedia":[{"embeddable":true,"href":"https:\/\/www.yungayino.cl\/noticias\/index.php?rest_route=\/wp\/v2\/media\/16200"}],"wp:attachment":[{"href":"https:\/\/www.yungayino.cl\/noticias\/index.php?rest_route=%2Fwp%2Fv2%2Fmedia&parent=9214"}],"wp:term":[{"taxonomy":"category","embeddable":true,"href":"https:\/\/www.yungayino.cl\/noticias\/index.php?rest_route=%2Fwp%2Fv2%2Fcategories&post=9214"},{"taxonomy":"post_tag","embeddable":true,"href":"https:\/\/www.yungayino.cl\/noticias\/index.php?rest_route=%2Fwp%2Fv2%2Ftags&post=9214"}],"curies":[{"name":"wp","href":"https:\/\/api.w.org\/{rel}","templated":true}]}}