{"id":9225,"date":"2013-04-24T10:00:55","date_gmt":"2013-04-24T14:00:55","guid":{"rendered":"http:\/\/www.yungayino.cl\/noticias\/?p=9225"},"modified":"2013-04-24T21:44:24","modified_gmt":"2013-04-25T01:44:24","slug":"jardin-infantil-parque-estadio-de-yungay-celebra-primer-aniversario","status":"publish","type":"post","link":"https:\/\/www.yungayino.cl\/noticias\/?p=9225","title":{"rendered":"Jard\u00edn Infantil \u201cParque Estadio\u201d de Yungay  Celebra Primer Aniversario"},"content":{"rendered":"<p><img loading=\"lazy\" decoding=\"async\" alt=\"YUNGAYINO.CL - El Portal de Yungay\" src=\"http:\/\/www.yungayino.cl\/imagenes\/aniversariojardinestadio.jpg\" width=\"500\" height=\"200\" \/><\/p>\n<p><span style=\"font-size: small; font-family: arial,helvetica,sans-serif;\">Yungay, la comunidad educativa perteneciente al jard\u00edn Infantil <b>\u201cParque Estadio\u201d <\/b>de nuestra comuna est\u00e1 celebrando su primer aniversario con una serie de actividades recreativas y culturales con el fin de reunir a padres o apoderados, con los menores y las t\u00edas de cada nivel. Dentro de las actividades desarrolladas fue la caravana de veh\u00edculos recorriendo distintos puntos de nuestra comuna para reunirse en la Plaza Iquique y compartir dulces, juegos, c\u00e1nticos y pintados.<\/span><\/p>\n<p><a href=\"http:\/\/www.facebook.com\/media\/set\/?set=a.632537586761284.1073741843.159561284058919&amp;type=1&amp;uploaded=41\"><span style=\"font-size: small; font-family: arial,helvetica,sans-serif;\">Fotograf\u00edas<\/span><\/a><\/p>\n","protected":false},"excerpt":{"rendered":"<p>Yungay, la comunidad educativa perteneciente al jard\u00edn Infantil \u201cParque Estadio\u201d de nuestra comuna est\u00e1 celebrando su primer aniversario con una serie de actividades recreativas y culturales con el fin de reunir a padres o&#46;&#46;&#46;<\/p>\n","protected":false},"author":2,"featured_media":16203,"comment_status":"open","ping_status":"open","sticky":false,"template":"","format":"standard","meta":{"footnotes":""},"categories":[1],"tags":[480,1115,8,6],"class_list":["post-9225","post","type-post","status-publish","format-standard","has-post-thumbnail","hentry","category-noticias","tag-jardin-infantil-parque-estadio","tag-noticias","tag-yungay","tag-yungayino"],"_links":{"self":[{"href":"https:\/\/www.yungayino.cl\/noticias\/index.php?rest_route=\/wp\/v2\/posts\/9225","targetHints":{"allow":["GET"]}}],"collection":[{"href":"https:\/\/www.yungayino.cl\/noticias\/index.php?rest_route=\/wp\/v2\/posts"}],"about":[{"href":"https:\/\/www.yungayino.cl\/noticias\/index.php?rest_route=\/wp\/v2\/types\/post"}],"author":[{"embeddable":true,"href":"https:\/\/www.yungayino.cl\/noticias\/index.php?rest_route=\/wp\/v2\/users\/2"}],"replies":[{"embeddable":true,"href":"https:\/\/www.yungayino.cl\/noticias\/index.php?rest_route=%2Fwp%2Fv2%2Fcomments&post=9225"}],"version-history":[{"count":3,"href":"https:\/\/www.yungayino.cl\/noticias\/index.php?rest_route=\/wp\/v2\/posts\/9225\/revisions"}],"predecessor-version":[{"id":9228,"href":"https:\/\/www.yungayino.cl\/noticias\/index.php?rest_route=\/wp\/v2\/posts\/9225\/revisions\/9228"}],"wp:featuredmedia":[{"embeddable":true,"href":"https:\/\/www.yungayino.cl\/noticias\/index.php?rest_route=\/wp\/v2\/media\/16203"}],"wp:attachment":[{"href":"https:\/\/www.yungayino.cl\/noticias\/index.php?rest_route=%2Fwp%2Fv2%2Fmedia&parent=9225"}],"wp:term":[{"taxonomy":"category","embeddable":true,"href":"https:\/\/www.yungayino.cl\/noticias\/index.php?rest_route=%2Fwp%2Fv2%2Fcategories&post=9225"},{"taxonomy":"post_tag","embeddable":true,"href":"https:\/\/www.yungayino.cl\/noticias\/index.php?rest_route=%2Fwp%2Fv2%2Ftags&post=9225"}],"curies":[{"name":"wp","href":"https:\/\/api.w.org\/{rel}","templated":true}]}}