{"id":9232,"date":"2013-04-26T13:00:37","date_gmt":"2013-04-26T17:00:37","guid":{"rendered":"http:\/\/www.yungayino.cl\/noticias\/?p=9232"},"modified":"2013-04-29T11:35:12","modified_gmt":"2013-04-29T15:35:12","slug":"indap-entrego-tractores-a-pequenos-agricultores-de-yungay","status":"publish","type":"post","link":"https:\/\/www.yungayino.cl\/noticias\/?p=9232","title":{"rendered":"Sercotec y Prodesal II Entrego Tractores a Peque\u00f1os Agricultores de Yungay"},"content":{"rendered":"<p><img loading=\"lazy\" decoding=\"async\" alt=\"YUNGAYINO.CL - El Portal de Yungay\" src=\"http:\/\/www.yungayino.cl\/imagenes\/tractoresindap201304.jpg\" width=\"500\" height=\"200\" \/><\/p>\n<p><span style=\"font-size: small; font-family: arial,helvetica,sans-serif;\">Yungay, felices est\u00e1n peque\u00f1os agricultores pertenecientes a Prodesal 1 y 2 de nuestra comuna que se adjudicaron Proyectos PIRDT Sercotec para Yungay y donde el mi\u00e9rcoles pasado recibieron tractores, cortadoras de pasto, rastras entre otras maquinarias agr\u00edcolas, adem\u00e1s de aportes para invernaderos de policarbonato, galpones ganaderos y quinchos entre otros. La ceremonia de entrega se realizo en la Plaza Iquique y cont\u00f3 con la participaci\u00f3n de la jefa del \u00e1rea INDAP Yungay, Ivonne Astroza, concejales, representantes de Sercotec, el Administrador Municipal Alexis Perez. En una entrevista Digna Vega, usuaria del Prodesal 2, manifest\u00f3 al Portal Yungayino.cl sus agradecimientos a Sercotec e Indap por el apoyo brindado para postular a estos proyectos y en el caso de ella por el tractor adquirido, el cual le permitir\u00e1 sembrar, producir y cosechar mejores productos de su tierra, los cuales ir\u00e1n en beneficio del crecimiento de su familia. Finalmente los beneficiarios compartieron un coctel junto a las autoridades presentes para celebrar.<\/span><\/p>\n<p><a href=\"http:\/\/www.facebook.com\/media\/set\/?set=a.633398940008482.1073741845.159561284058919&amp;type=1&amp;uploaded=37\"><span style=\"font-size: small; font-family: arial,helvetica,sans-serif;\">Fotograf\u00edas<\/span><\/a><\/p>\n","protected":false},"excerpt":{"rendered":"<p>Yungay, felices est\u00e1n peque\u00f1os agricultores pertenecientes a Prodesal 1 y 2 de nuestra comuna que se adjudicaron Proyectos PIRDT Sercotec para Yungay y donde el mi\u00e9rcoles pasado recibieron tractores, cortadoras de pasto, rastras entre&#46;&#46;&#46;<\/p>\n","protected":false},"author":2,"featured_media":16205,"comment_status":"open","ping_status":"open","sticky":false,"template":"","format":"standard","meta":{"footnotes":""},"categories":[1],"tags":[140,1115,8,6],"class_list":["post-9232","post","type-post","status-publish","format-standard","has-post-thumbnail","hentry","category-noticias","tag-indap","tag-noticias","tag-yungay","tag-yungayino"],"_links":{"self":[{"href":"https:\/\/www.yungayino.cl\/noticias\/index.php?rest_route=\/wp\/v2\/posts\/9232","targetHints":{"allow":["GET"]}}],"collection":[{"href":"https:\/\/www.yungayino.cl\/noticias\/index.php?rest_route=\/wp\/v2\/posts"}],"about":[{"href":"https:\/\/www.yungayino.cl\/noticias\/index.php?rest_route=\/wp\/v2\/types\/post"}],"author":[{"embeddable":true,"href":"https:\/\/www.yungayino.cl\/noticias\/index.php?rest_route=\/wp\/v2\/users\/2"}],"replies":[{"embeddable":true,"href":"https:\/\/www.yungayino.cl\/noticias\/index.php?rest_route=%2Fwp%2Fv2%2Fcomments&post=9232"}],"version-history":[{"count":3,"href":"https:\/\/www.yungayino.cl\/noticias\/index.php?rest_route=\/wp\/v2\/posts\/9232\/revisions"}],"predecessor-version":[{"id":9234,"href":"https:\/\/www.yungayino.cl\/noticias\/index.php?rest_route=\/wp\/v2\/posts\/9232\/revisions\/9234"}],"wp:featuredmedia":[{"embeddable":true,"href":"https:\/\/www.yungayino.cl\/noticias\/index.php?rest_route=\/wp\/v2\/media\/16205"}],"wp:attachment":[{"href":"https:\/\/www.yungayino.cl\/noticias\/index.php?rest_route=%2Fwp%2Fv2%2Fmedia&parent=9232"}],"wp:term":[{"taxonomy":"category","embeddable":true,"href":"https:\/\/www.yungayino.cl\/noticias\/index.php?rest_route=%2Fwp%2Fv2%2Fcategories&post=9232"},{"taxonomy":"post_tag","embeddable":true,"href":"https:\/\/www.yungayino.cl\/noticias\/index.php?rest_route=%2Fwp%2Fv2%2Ftags&post=9232"}],"curies":[{"name":"wp","href":"https:\/\/api.w.org\/{rel}","templated":true}]}}