{"id":9267,"date":"2013-05-03T15:00:15","date_gmt":"2013-05-03T19:00:15","guid":{"rendered":"http:\/\/www.yungayino.cl\/noticias\/?p=9267"},"modified":"2013-05-03T16:08:37","modified_gmt":"2013-05-03T20:08:37","slug":"con-acto-asume-nueva-directiva-del-centro-de-alumnos-del-liceo-a-17-de-yungay","status":"publish","type":"post","link":"https:\/\/www.yungayino.cl\/noticias\/?p=9267","title":{"rendered":"Con Acto Asume Nueva Directiva del Centro de Alumnos del Liceo A-17 de Yungay"},"content":{"rendered":"<p><img decoding=\"async\" alt=\"YUNGAYINO.CL -El Portal de Yungay\" src=\"http:\/\/www.yungayino.cl\/imagenes\/centroalumnosliceo2013.jpg\" \/><\/p>\n<p><span style=\"font-size: small; font-family: arial,helvetica,sans-serif;\">Yungay viernes 03 de mayo 2013, con un formal acto la comunidad educativa del Liceo A\u201317 de Yungay, se dispuso a recibir a la nueva directiva del Centro de Alumnos y a despedir y agradecer a la directiva saliente. El acto estuvo encabezado por el Director Sergio Villalobos, Cesar Araya en representaci\u00f3n del Departamento de Educaci\u00f3n, la Directiva del Centro de Apoderados, docentes\u00a0 y alumnos del establecimiento. Posterior a la firma oficial de la nueva directiva, se dirigi\u00f3 a todos los presentes la nueva presidenta del Centro de Alumnos, Marisol del Carmen Troncoso, qui\u00e9n agradeci\u00f3 el apoyo dado en las votaciones y adem\u00e1s comento tener toda la disponibilidad para trabajar por y con los estudiantes y as\u00ed luchar por mejorar las diferentes realidades de los alumnos. Finalmente el Director tambi\u00e9n manifest\u00f3 todo su apoyo a la nueva directiva con quienes trabajaran juntos para cumplir las metas que se propondr\u00e1n en el futuro, adem\u00e1s se\u00f1alo que el pr\u00f3ximo lunes 6 de mayo se llevaran a cabo durante todo el d\u00eda las votaciones para elegir la nueva directiva del Centro de Apoderados.<\/span><\/p>\n<p><a href=\"http:\/\/www.facebook.com\/media\/set\/?set=a.636618469686529.1073741849.159561284058919&amp;type=3&amp;uploaded=37\"><span style=\"font-size: small; font-family: arial,helvetica,sans-serif;\">Fotograf\u00edas<\/span><\/a><\/p>\n","protected":false},"excerpt":{"rendered":"<p>Yungay viernes 03 de mayo 2013, con un formal acto la comunidad educativa del Liceo A\u201317 de Yungay, se dispuso a recibir a la nueva directiva del Centro de Alumnos y a despedir y&#46;&#46;&#46;<\/p>\n","protected":false},"author":2,"featured_media":16201,"comment_status":"open","ping_status":"open","sticky":false,"template":"","format":"standard","meta":{"footnotes":""},"categories":[1],"tags":[662,387,89,1115,8,6],"class_list":["post-9267","post","type-post","status-publish","format-standard","has-post-thumbnail","hentry","category-noticias","tag-centro-alumnos","tag-liceo-a-17","tag-liceo-yungay","tag-noticias","tag-yungay","tag-yungayino"],"_links":{"self":[{"href":"https:\/\/www.yungayino.cl\/noticias\/index.php?rest_route=\/wp\/v2\/posts\/9267","targetHints":{"allow":["GET"]}}],"collection":[{"href":"https:\/\/www.yungayino.cl\/noticias\/index.php?rest_route=\/wp\/v2\/posts"}],"about":[{"href":"https:\/\/www.yungayino.cl\/noticias\/index.php?rest_route=\/wp\/v2\/types\/post"}],"author":[{"embeddable":true,"href":"https:\/\/www.yungayino.cl\/noticias\/index.php?rest_route=\/wp\/v2\/users\/2"}],"replies":[{"embeddable":true,"href":"https:\/\/www.yungayino.cl\/noticias\/index.php?rest_route=%2Fwp%2Fv2%2Fcomments&post=9267"}],"version-history":[{"count":4,"href":"https:\/\/www.yungayino.cl\/noticias\/index.php?rest_route=\/wp\/v2\/posts\/9267\/revisions"}],"predecessor-version":[{"id":9271,"href":"https:\/\/www.yungayino.cl\/noticias\/index.php?rest_route=\/wp\/v2\/posts\/9267\/revisions\/9271"}],"wp:featuredmedia":[{"embeddable":true,"href":"https:\/\/www.yungayino.cl\/noticias\/index.php?rest_route=\/wp\/v2\/media\/16201"}],"wp:attachment":[{"href":"https:\/\/www.yungayino.cl\/noticias\/index.php?rest_route=%2Fwp%2Fv2%2Fmedia&parent=9267"}],"wp:term":[{"taxonomy":"category","embeddable":true,"href":"https:\/\/www.yungayino.cl\/noticias\/index.php?rest_route=%2Fwp%2Fv2%2Fcategories&post=9267"},{"taxonomy":"post_tag","embeddable":true,"href":"https:\/\/www.yungayino.cl\/noticias\/index.php?rest_route=%2Fwp%2Fv2%2Ftags&post=9267"}],"curies":[{"name":"wp","href":"https:\/\/api.w.org\/{rel}","templated":true}]}}