{"id":9283,"date":"2013-05-05T21:00:31","date_gmt":"2013-05-06T01:00:31","guid":{"rendered":"http:\/\/www.yungayino.cl\/noticias\/?p=9283"},"modified":"2013-05-08T22:10:26","modified_gmt":"2013-05-09T02:10:26","slug":"jovenes-de-yungay-comparten-desayuno-con-autoridad-de-la-injuv-bio-bio","status":"publish","type":"post","link":"https:\/\/www.yungayino.cl\/noticias\/?p=9283","title":{"rendered":"J\u00f3venes de Yungay Comparten Desayuno con Autoridad de la Injuv Bio-Bio"},"content":{"rendered":"<p><img loading=\"lazy\" decoding=\"async\" alt=\"YUNGAYINO.CL - El Portal de Yungay\" src=\"http:\/\/www.yungayino.cl\/imagenes\/20130507.jpg\" width=\"500\" height=\"200\" \/><\/p>\n<p><span style=\"font-size: small; font-family: arial,helvetica,sans-serif;\">Yungay, con un desayuno realizado en las dependencias del Infocentro de nuestra comuna el pasado 24 de abril 15 j\u00f3venes compartieron con el Director Regional del Injuv B\u00edo B\u00edo, Rodrigo Sandoval para expresarles su opini\u00f3n y preguntas sobre la \u201cDescentralizaci\u00f3n Regional: educaci\u00f3n y trabajo\u201d. La actividad que estuvo impulsada por la Injuv y apoyada por la orientadora del Liceo A-17 Marianela Fern\u00e1ndez, tuvo una muy buena aceptaci\u00f3n por parte de los j\u00f3venes, quienes c\u00f3modamente y con un dialogo fluido plantearon todas sus inquietudes a la autoridad asistente. Finalmente Rodrigo Sandoval manifest\u00f3 que como representante del instituto esperamos contribuir a la inclusi\u00f3n de los j\u00f3venes al ejecutar actividades como esta, ya que, queremos que se sientan parte del gobierno y sepan que sus ideas si son importantes y que pueden ayudar a dar un giro a la sociedad en la que se enfrentaran en un futuro.<\/span><\/p>\n<p>&nbsp;<\/p>\n","protected":false},"excerpt":{"rendered":"<p>Yungay, con un desayuno realizado en las dependencias del Infocentro de nuestra comuna el pasado 24 de abril 15 j\u00f3venes compartieron con el Director Regional del Injuv B\u00edo B\u00edo, Rodrigo Sandoval para expresarles su&#46;&#46;&#46;<\/p>\n","protected":false},"author":2,"featured_media":16210,"comment_status":"open","ping_status":"open","sticky":false,"template":"","format":"standard","meta":{"footnotes":""},"categories":[1],"tags":[667,1115,8,6],"class_list":["post-9283","post","type-post","status-publish","format-standard","has-post-thumbnail","hentry","category-noticias","tag-injuv","tag-noticias","tag-yungay","tag-yungayino"],"_links":{"self":[{"href":"https:\/\/www.yungayino.cl\/noticias\/index.php?rest_route=\/wp\/v2\/posts\/9283","targetHints":{"allow":["GET"]}}],"collection":[{"href":"https:\/\/www.yungayino.cl\/noticias\/index.php?rest_route=\/wp\/v2\/posts"}],"about":[{"href":"https:\/\/www.yungayino.cl\/noticias\/index.php?rest_route=\/wp\/v2\/types\/post"}],"author":[{"embeddable":true,"href":"https:\/\/www.yungayino.cl\/noticias\/index.php?rest_route=\/wp\/v2\/users\/2"}],"replies":[{"embeddable":true,"href":"https:\/\/www.yungayino.cl\/noticias\/index.php?rest_route=%2Fwp%2Fv2%2Fcomments&post=9283"}],"version-history":[{"count":5,"href":"https:\/\/www.yungayino.cl\/noticias\/index.php?rest_route=\/wp\/v2\/posts\/9283\/revisions"}],"predecessor-version":[{"id":9288,"href":"https:\/\/www.yungayino.cl\/noticias\/index.php?rest_route=\/wp\/v2\/posts\/9283\/revisions\/9288"}],"wp:featuredmedia":[{"embeddable":true,"href":"https:\/\/www.yungayino.cl\/noticias\/index.php?rest_route=\/wp\/v2\/media\/16210"}],"wp:attachment":[{"href":"https:\/\/www.yungayino.cl\/noticias\/index.php?rest_route=%2Fwp%2Fv2%2Fmedia&parent=9283"}],"wp:term":[{"taxonomy":"category","embeddable":true,"href":"https:\/\/www.yungayino.cl\/noticias\/index.php?rest_route=%2Fwp%2Fv2%2Fcategories&post=9283"},{"taxonomy":"post_tag","embeddable":true,"href":"https:\/\/www.yungayino.cl\/noticias\/index.php?rest_route=%2Fwp%2Fv2%2Ftags&post=9283"}],"curies":[{"name":"wp","href":"https:\/\/api.w.org\/{rel}","templated":true}]}}