{"id":9290,"date":"2013-05-09T13:00:20","date_gmt":"2013-05-09T17:00:20","guid":{"rendered":"http:\/\/www.yungayino.cl\/noticias\/?p=9290"},"modified":"2013-05-09T16:56:43","modified_gmt":"2013-05-09T20:56:43","slug":"municipalidad-de-yungay-invita-a-celebrar-dia-de-la-madre","status":"publish","type":"post","link":"https:\/\/www.yungayino.cl\/noticias\/?p=9290","title":{"rendered":"Municipalidad de Yungay Invita a Celebrar D\u00eda de la Madre"},"content":{"rendered":"<p><img loading=\"lazy\" decoding=\"async\" alt=\"YUNGAYINO.CL - El Portal de Yungay\" src=\"http:\/\/www.yungayino.cl\/imagenes\/dia%20de%20la%20mujer.jpg\" width=\"500\" height=\"129\" \/><\/p>\n<p><span style=\"font-size: small; font-family: arial,helvetica,sans-serif;\">Yungay, la Ilustre Municipalidad invita a todas las mam\u00e1s de la comuna a celebrar el \u201cD\u00eda de la Madre\u201d, para lo cual se ha organizado un gran show art\u00edstico, con sorpresas y regalos, adem\u00e1s la actividad \u00a0contar\u00e1 con la presencia de \u00a0\u201cLos Iracundos\u201d, as\u00ed lo se\u00f1alo al Portal Yungayino.cl Marcia Ortiz , Jefa departamento DIDECO, qui\u00e9n adem\u00e1s se\u00f1alo que habr\u00e1 locomoci\u00f3n disponible para todos los sectores de la comuna y as\u00ed puedan asistir a este espect\u00e1culo preparado especialmente para todas las mam\u00e1s de la comuna. Se\u00f1alar que el d\u00eda viernes 10 de mayo a partir de las 20:00 horas se realizar\u00e1 en el Gimnasio de Campanario y el s\u00e1bado 11 de mayo a la misma hora ser\u00e1 en el Gimnasio Multiuso de Yungay.<\/span><\/p>\n<p><a href=\"http:\/\/www.yungayino.cl\/imagenes\/horariodiamadre2013.doc\"><span style=\"font-size: small; font-family: arial,helvetica,sans-serif;\">Horario Recorrido Buses<\/span><\/a><\/p>\n","protected":false},"excerpt":{"rendered":"<p>Yungay, la Ilustre Municipalidad invita a todas las mam\u00e1s de la comuna a celebrar el \u201cD\u00eda de la Madre\u201d, para lo cual se ha organizado un gran show art\u00edstico, con sorpresas y regalos, adem\u00e1s&#46;&#46;&#46;<\/p>\n","protected":false},"author":2,"featured_media":16211,"comment_status":"open","ping_status":"open","sticky":false,"template":"","format":"standard","meta":{"footnotes":""},"categories":[1],"tags":[669,668,670,356,29,8,6],"class_list":["post-9290","post","type-post","status-publish","format-standard","has-post-thumbnail","hentry","category-noticias","tag-adre","tag-dia-de-la","tag-los-iracundos","tag-municipalidad","tag-notocias","tag-yungay","tag-yungayino"],"_links":{"self":[{"href":"https:\/\/www.yungayino.cl\/noticias\/index.php?rest_route=\/wp\/v2\/posts\/9290","targetHints":{"allow":["GET"]}}],"collection":[{"href":"https:\/\/www.yungayino.cl\/noticias\/index.php?rest_route=\/wp\/v2\/posts"}],"about":[{"href":"https:\/\/www.yungayino.cl\/noticias\/index.php?rest_route=\/wp\/v2\/types\/post"}],"author":[{"embeddable":true,"href":"https:\/\/www.yungayino.cl\/noticias\/index.php?rest_route=\/wp\/v2\/users\/2"}],"replies":[{"embeddable":true,"href":"https:\/\/www.yungayino.cl\/noticias\/index.php?rest_route=%2Fwp%2Fv2%2Fcomments&post=9290"}],"version-history":[{"count":6,"href":"https:\/\/www.yungayino.cl\/noticias\/index.php?rest_route=\/wp\/v2\/posts\/9290\/revisions"}],"predecessor-version":[{"id":9296,"href":"https:\/\/www.yungayino.cl\/noticias\/index.php?rest_route=\/wp\/v2\/posts\/9290\/revisions\/9296"}],"wp:featuredmedia":[{"embeddable":true,"href":"https:\/\/www.yungayino.cl\/noticias\/index.php?rest_route=\/wp\/v2\/media\/16211"}],"wp:attachment":[{"href":"https:\/\/www.yungayino.cl\/noticias\/index.php?rest_route=%2Fwp%2Fv2%2Fmedia&parent=9290"}],"wp:term":[{"taxonomy":"category","embeddable":true,"href":"https:\/\/www.yungayino.cl\/noticias\/index.php?rest_route=%2Fwp%2Fv2%2Fcategories&post=9290"},{"taxonomy":"post_tag","embeddable":true,"href":"https:\/\/www.yungayino.cl\/noticias\/index.php?rest_route=%2Fwp%2Fv2%2Ftags&post=9290"}],"curies":[{"name":"wp","href":"https:\/\/api.w.org\/{rel}","templated":true}]}}