{"id":9314,"date":"2013-05-11T23:00:16","date_gmt":"2013-05-12T03:00:16","guid":{"rendered":"http:\/\/www.yungayino.cl\/noticias\/?p=9314"},"modified":"2013-05-13T17:46:43","modified_gmt":"2013-05-13T21:46:43","slug":"este-sabado-se-inicio-el-cambio-de-numeracion-para-telefonos-fijos-en-nuble-y-bio-bio","status":"publish","type":"post","link":"https:\/\/www.yungayino.cl\/noticias\/?p=9314","title":{"rendered":"Este S\u00e1bado se Inicio el Cambio de Numeraci\u00f3n para Tel\u00e9fonos Fijos en \u00d1uble y Bio-Bio"},"content":{"rendered":"<p><img loading=\"lazy\" decoding=\"async\" alt=\"YUNGAYINO.CL - El Portal de Yungay\" src=\"http:\/\/www.yungayino.cl\/imagenes\/marcartelefono.jpg\" width=\"500\" height=\"200\" \/><\/p>\n<p><span style=\"font-size: small; font-family: arial,helvetica,sans-serif;\">Yungay, este s\u00e1bado 11 de mayo se inicia un cambio de numeraci\u00f3n para la telefon\u00eda fija en la Regi\u00f3n del B\u00edob\u00edo, espec\u00edficamente en las localidades con c\u00f3digo de \u00e1rea 42 (Provincia de \u00d1uble) y 43 (Provincia de B\u00edob\u00edo), lo que en t\u00e9rminos pr\u00e1cticos implica anteponer un d\u00edgito adicional, el n\u00famero <b>(2)<\/b> a la numeraci\u00f3n fija actual. En tanto, todos los usuarios que realicen llamadas a n\u00fameros de telefon\u00eda fija de la Regi\u00f3n del B\u00edob\u00edo con c\u00f3digo de \u00e1rea 42 y 43 deber\u00e1n anteponer el <b>(2) <\/b>para comunicarse a las ciudades como Chill\u00e1n, San Carlos, Los \u00c1ngeles, Nacimiento, Mulch\u00e9n, entre otras. Lo mismo ocurrir\u00e1 para las personas que llamen a un tel\u00e9fono fijo de la Regi\u00f3n del B\u00edob\u00edo desde cualquier celular, deber\u00e1n marcar primero el c\u00f3digo de \u00e1rea, despu\u00e9s anteponer el nuevo n\u00famero <b>(2)<\/b>, y luego marcar el n\u00famero local de siempre.<\/span> <span style=\"font-size: small; font-family: arial,helvetica,sans-serif;\">En el caso de las llamadas que se realicen desde un tel\u00e9fono fijo de otra regi\u00f3n de Chile, a un tel\u00e9fono fijo de la Regi\u00f3n del B\u00edob\u00edo, deber\u00e1 marcar primero el Carrier, luego el c\u00f3digo de \u00e1rea respectivo a la zona geogr\u00e1fica y despu\u00e9s anteponer el nuevo n\u00famero <b>(2)<\/b>, y seguido marcar el n\u00famero local de siempre.<\/span><br \/>\n<span style=\"font-size: small; font-family: arial,helvetica,sans-serif;\"> Por su parte, el Seremi de Transportes y Telecomunicaciones del B\u00edob\u00edo, Claudio Silva se\u00f1al\u00f3 que, \u00aben caso de marcar equivocadamente, una grabaci\u00f3n le indicar\u00e1 la manera correcta de comunicarse. Por otro lado, los locales comerciales, estos deber\u00e1n actualizar los terminales de pago en l\u00ednea para evitar interrupciones en las transacciones de tarjetas bancarias\u00bb. Adem\u00e1s agreg\u00f3, \u00abeste proceso permitir\u00e1 estandarizar el largo de la numeraci\u00f3n telef\u00f3nica fija a nivel nacional con el de la telefon\u00eda m\u00f3vil, un paso previo indispensable para un cambio mayor de convergencia tecnol\u00f3gica\u00bb.<\/span><\/p>\n<p><a href=\"http:\/\/www.yungayino.cl\/imagenes\/redfija.jpg\"><span style=\"font-size: small; font-family: arial,helvetica,sans-serif;\">Ver Numeraci\u00f3n <\/span><\/a><\/p>\n<p>&nbsp;<\/p>\n","protected":false},"excerpt":{"rendered":"<p>Yungay, este s\u00e1bado 11 de mayo se inicia un cambio de numeraci\u00f3n para la telefon\u00eda fija en la Regi\u00f3n del B\u00edob\u00edo, espec\u00edficamente en las localidades con c\u00f3digo de \u00e1rea 42 (Provincia de \u00d1uble) y&#46;&#46;&#46;<\/p>\n","protected":false},"author":2,"featured_media":16215,"comment_status":"open","ping_status":"open","sticky":false,"template":"","format":"standard","meta":{"footnotes":""},"categories":[3,1],"tags":[1115,673,8,6],"class_list":["post-9314","post","type-post","status-publish","format-standard","has-post-thumbnail","hentry","category-actualidad","category-noticias","tag-noticias","tag-red-fija-telefonica","tag-yungay","tag-yungayino"],"_links":{"self":[{"href":"https:\/\/www.yungayino.cl\/noticias\/index.php?rest_route=\/wp\/v2\/posts\/9314","targetHints":{"allow":["GET"]}}],"collection":[{"href":"https:\/\/www.yungayino.cl\/noticias\/index.php?rest_route=\/wp\/v2\/posts"}],"about":[{"href":"https:\/\/www.yungayino.cl\/noticias\/index.php?rest_route=\/wp\/v2\/types\/post"}],"author":[{"embeddable":true,"href":"https:\/\/www.yungayino.cl\/noticias\/index.php?rest_route=\/wp\/v2\/users\/2"}],"replies":[{"embeddable":true,"href":"https:\/\/www.yungayino.cl\/noticias\/index.php?rest_route=%2Fwp%2Fv2%2Fcomments&post=9314"}],"version-history":[{"count":6,"href":"https:\/\/www.yungayino.cl\/noticias\/index.php?rest_route=\/wp\/v2\/posts\/9314\/revisions"}],"predecessor-version":[{"id":9334,"href":"https:\/\/www.yungayino.cl\/noticias\/index.php?rest_route=\/wp\/v2\/posts\/9314\/revisions\/9334"}],"wp:featuredmedia":[{"embeddable":true,"href":"https:\/\/www.yungayino.cl\/noticias\/index.php?rest_route=\/wp\/v2\/media\/16215"}],"wp:attachment":[{"href":"https:\/\/www.yungayino.cl\/noticias\/index.php?rest_route=%2Fwp%2Fv2%2Fmedia&parent=9314"}],"wp:term":[{"taxonomy":"category","embeddable":true,"href":"https:\/\/www.yungayino.cl\/noticias\/index.php?rest_route=%2Fwp%2Fv2%2Fcategories&post=9314"},{"taxonomy":"post_tag","embeddable":true,"href":"https:\/\/www.yungayino.cl\/noticias\/index.php?rest_route=%2Fwp%2Fv2%2Ftags&post=9314"}],"curies":[{"name":"wp","href":"https:\/\/api.w.org\/{rel}","templated":true}]}}