{"id":9437,"date":"2013-06-03T20:00:52","date_gmt":"2013-06-04T00:00:52","guid":{"rendered":"http:\/\/www.yungayino.cl\/noticias\/?p=9437"},"modified":"2013-06-03T20:19:11","modified_gmt":"2013-06-04T00:19:11","slug":"director-de-hospital-comunitario-de-salud-familiar-de-yungay-rindio-cuenta-publica-de-gestion-2012","status":"publish","type":"post","link":"https:\/\/www.yungayino.cl\/noticias\/?p=9437","title":{"rendered":"Director de Hospital Comunitario de Salud Familiar de Yungay Rindi\u00f3 Cuenta P\u00fablica de Gesti\u00f3n 2012"},"content":{"rendered":"<p><img loading=\"lazy\" decoding=\"async\" alt=\"YUNGAYINO.CL - El Portal de Yungay\" src=\"http:\/\/www.yungayino.cl\/imagenes\/cuentapublicahospital2013.jpg\" width=\"500\" height=\"200\" \/><\/p>\n<p><span style=\"font-size: small; font-family: arial,helvetica,sans-serif;\">Yungay, en la Sala de Reuniones del Hospital Comunitario de Salud Familiar Pedro Morales Campos el Director Ronald Riffo S\u00e1ez expuso la cuenta p\u00fablica de gesti\u00f3n correspondiente al a\u00f1o 2012\u00a0el pasado viernes 31 de mayo, con la finalidad de mostrar a la comunidad el trabajo realizado durante el a\u00f1o en menci\u00f3n. La actividad que reuni\u00f3 a autoridades entre ellos representantes del Servicio de Salud \u00d1uble, Carabineros, Bomberos, Concejales junto a dirigentes\u00a0 de organizaciones sociales y funcionarios del centro asistencial. Finalmente el Director agradeci\u00f3 el apoyo dado siempre por el municipio yungayino y tambi\u00e9n destaco los logros y gestiones realizados durante este a\u00f1o, pero que a\u00fan quedan desaf\u00edos por cumplir como seguir mejorando la satisfacci\u00f3n usuaria y aumentar las prestaciones de salud con especialistas.<\/span><\/p>\n<p><a href=\"http:\/\/www.facebook.com\/media\/set\/?set=a.651298501551859.1073741869.159561284058919&amp;type=3&amp;uploaded=22\"><span style=\"font-size: small; font-family: arial,helvetica,sans-serif;\">Fotograf\u00edas<\/span><\/a><\/p>\n","protected":false},"excerpt":{"rendered":"<p>Yungay, en la Sala de Reuniones del Hospital Comunitario de Salud Familiar Pedro Morales Campos el Director Ronald Riffo S\u00e1ez expuso la cuenta p\u00fablica de gesti\u00f3n correspondiente al a\u00f1o 2012\u00a0el pasado viernes 31 de&#46;&#46;&#46;<\/p>\n","protected":false},"author":2,"featured_media":16233,"comment_status":"open","ping_status":"open","sticky":false,"template":"","format":"standard","meta":{"footnotes":""},"categories":[1],"tags":[],"class_list":["post-9437","post","type-post","status-publish","format-standard","has-post-thumbnail","hentry","category-noticias"],"_links":{"self":[{"href":"https:\/\/www.yungayino.cl\/noticias\/index.php?rest_route=\/wp\/v2\/posts\/9437","targetHints":{"allow":["GET"]}}],"collection":[{"href":"https:\/\/www.yungayino.cl\/noticias\/index.php?rest_route=\/wp\/v2\/posts"}],"about":[{"href":"https:\/\/www.yungayino.cl\/noticias\/index.php?rest_route=\/wp\/v2\/types\/post"}],"author":[{"embeddable":true,"href":"https:\/\/www.yungayino.cl\/noticias\/index.php?rest_route=\/wp\/v2\/users\/2"}],"replies":[{"embeddable":true,"href":"https:\/\/www.yungayino.cl\/noticias\/index.php?rest_route=%2Fwp%2Fv2%2Fcomments&post=9437"}],"version-history":[{"count":3,"href":"https:\/\/www.yungayino.cl\/noticias\/index.php?rest_route=\/wp\/v2\/posts\/9437\/revisions"}],"predecessor-version":[{"id":9440,"href":"https:\/\/www.yungayino.cl\/noticias\/index.php?rest_route=\/wp\/v2\/posts\/9437\/revisions\/9440"}],"wp:featuredmedia":[{"embeddable":true,"href":"https:\/\/www.yungayino.cl\/noticias\/index.php?rest_route=\/wp\/v2\/media\/16233"}],"wp:attachment":[{"href":"https:\/\/www.yungayino.cl\/noticias\/index.php?rest_route=%2Fwp%2Fv2%2Fmedia&parent=9437"}],"wp:term":[{"taxonomy":"category","embeddable":true,"href":"https:\/\/www.yungayino.cl\/noticias\/index.php?rest_route=%2Fwp%2Fv2%2Fcategories&post=9437"},{"taxonomy":"post_tag","embeddable":true,"href":"https:\/\/www.yungayino.cl\/noticias\/index.php?rest_route=%2Fwp%2Fv2%2Ftags&post=9437"}],"curies":[{"name":"wp","href":"https:\/\/api.w.org\/{rel}","templated":true}]}}