{"id":9507,"date":"2013-06-19T12:00:49","date_gmt":"2013-06-19T16:00:49","guid":{"rendered":"http:\/\/www.yungayino.cl\/noticias\/?p=9507"},"modified":"2013-06-19T14:40:49","modified_gmt":"2013-06-19T18:40:49","slug":"principio-de-incendio-afecto-jardin-infantil-rayo-de-luna-en-yungay","status":"publish","type":"post","link":"https:\/\/www.yungayino.cl\/noticias\/?p=9507","title":{"rendered":"Principio de Incendio Afecto Jard\u00edn Infantil \u201cRayo de Luna\u201d en Yungay"},"content":{"rendered":"<p><img loading=\"lazy\" decoding=\"async\" alt=\"YUNGAYINO.CL - El Portal de Yungay\" src=\"http:\/\/www.yungayino.cl\/imagenes\/rayolunaincendio.jpg\" width=\"500\" height=\"200\" \/><\/p>\n<p><span style=\"font-size: small; font-family: arial,helvetica,sans-serif;\">Yungay mi\u00e9rcoles 19 de junio a las 11:10 horas, se activ\u00f3 la alarma del Cuerpo de Bomberos debido a un principio de incendio que afectaba al Jard\u00edn Infantil \u201cRayo de Luna\u201d concurriendo de forma inmediata al lugar personal de la segunda y cuarta Compa\u00f1\u00eda junto a Carabineros, donde se constat\u00f3 que se trataba de un recalentamiento del partidor de un tubo fluorescente. Destacar que no se registraron lesionados ni mayores da\u00f1os en las dependencias, ya que el propio personal del jard\u00edn al detectar la presencia del humo activo inmediatamente el Plan de Emergencia, realiz\u00e1ndose una evacuaci\u00f3n ordenada de los ni\u00f1os hacia la instalaciones de la Escuela Fernando Baquedano. Finalmente mencionar que Tabita Mart\u00ednez, funcionaria administrativa del jard\u00edn fue qui\u00e9n ante la situaci\u00f3n opero de forma correcta el extintor mientras llegaban bomberos y adem\u00e1s se\u00f1alo, que posterior a lo sucedido los ni\u00f1os retomaron de forma normal en otras salas las clases para tranquilidad de los padres.<\/span><\/p>\n<p><span style=\"font-size: small; font-family: arial,helvetica,sans-serif;\"><a href=\"http:\/\/www.facebook.com\/media\/set\/?set=a.659927627355613.1073741882.159561284058919&amp;type=3&amp;uploaded=13\">Fotograf\u00edas<\/a><\/span><\/p>\n","protected":false},"excerpt":{"rendered":"<p>Yungay mi\u00e9rcoles 19 de junio a las 11:10 horas, se activ\u00f3 la alarma del Cuerpo de Bomberos debido a un principio de incendio que afectaba al Jard\u00edn Infantil \u201cRayo de Luna\u201d concurriendo de forma&#46;&#46;&#46;<\/p>\n","protected":false},"author":2,"featured_media":16246,"comment_status":"open","ping_status":"open","sticky":false,"template":"","format":"standard","meta":{"footnotes":""},"categories":[1],"tags":[698,1115,8,6],"class_list":["post-9507","post","type-post","status-publish","format-standard","has-post-thumbnail","hentry","category-noticias","tag-jardin-rayo-de-luna","tag-noticias","tag-yungay","tag-yungayino"],"_links":{"self":[{"href":"https:\/\/www.yungayino.cl\/noticias\/index.php?rest_route=\/wp\/v2\/posts\/9507","targetHints":{"allow":["GET"]}}],"collection":[{"href":"https:\/\/www.yungayino.cl\/noticias\/index.php?rest_route=\/wp\/v2\/posts"}],"about":[{"href":"https:\/\/www.yungayino.cl\/noticias\/index.php?rest_route=\/wp\/v2\/types\/post"}],"author":[{"embeddable":true,"href":"https:\/\/www.yungayino.cl\/noticias\/index.php?rest_route=\/wp\/v2\/users\/2"}],"replies":[{"embeddable":true,"href":"https:\/\/www.yungayino.cl\/noticias\/index.php?rest_route=%2Fwp%2Fv2%2Fcomments&post=9507"}],"version-history":[{"count":5,"href":"https:\/\/www.yungayino.cl\/noticias\/index.php?rest_route=\/wp\/v2\/posts\/9507\/revisions"}],"predecessor-version":[{"id":9512,"href":"https:\/\/www.yungayino.cl\/noticias\/index.php?rest_route=\/wp\/v2\/posts\/9507\/revisions\/9512"}],"wp:featuredmedia":[{"embeddable":true,"href":"https:\/\/www.yungayino.cl\/noticias\/index.php?rest_route=\/wp\/v2\/media\/16246"}],"wp:attachment":[{"href":"https:\/\/www.yungayino.cl\/noticias\/index.php?rest_route=%2Fwp%2Fv2%2Fmedia&parent=9507"}],"wp:term":[{"taxonomy":"category","embeddable":true,"href":"https:\/\/www.yungayino.cl\/noticias\/index.php?rest_route=%2Fwp%2Fv2%2Fcategories&post=9507"},{"taxonomy":"post_tag","embeddable":true,"href":"https:\/\/www.yungayino.cl\/noticias\/index.php?rest_route=%2Fwp%2Fv2%2Ftags&post=9507"}],"curies":[{"name":"wp","href":"https:\/\/api.w.org\/{rel}","templated":true}]}}