{"id":9513,"date":"2013-06-19T18:00:05","date_gmt":"2013-06-19T22:00:05","guid":{"rendered":"http:\/\/www.yungayino.cl\/noticias\/?p=9513"},"modified":"2013-06-19T20:40:00","modified_gmt":"2013-06-20T00:40:00","slug":"biblioteca-publica-de-yungay-invita-a-participar-de-la-noche-de-san-juan","status":"publish","type":"post","link":"https:\/\/www.yungayino.cl\/noticias\/?p=9513","title":{"rendered":"Biblioteca P\u00fablica de Yungay Invita a Participar de la \u201cNoche de San Juan\u201d"},"content":{"rendered":"<p><img loading=\"lazy\" decoding=\"async\" alt=\"YUNGAYINO.CL - El Portal de Yungay\" src=\"http:\/\/www.yungayino.cl\/imagenes\/nochesanjuan2013.jpg\" width=\"500\" height=\"200\" \/><\/p>\n<p><span style=\"font-size: small; font-family: arial,helvetica,sans-serif;\">\u00a0Yungay, la Biblioteca P\u00fablica Oreste Montero y la Ilustre Municipalidad\u00a0te invitan a participar de la celebraci\u00f3n de la fiesta tradicional de la \u201cNoche de San Juan\u201d, el domingo 23 de junio, de 18:00 a 22:00 horas. Se\u00f1alar que \u00abSeg\u00fan cuenta la leyenda, la noche de San Juan (el 23 de junio) es m\u00e1gica, l\u00fadica, y en los campos\u00a0chilenos se espera con ansias. Es la noche en que el campesino azota a los \u00e1rboles flojos que no quieren dar frutos, en que los conjuros para el amor\u00a0y la buena suerte surten efecto y nuestra Madre naturaleza puede mostrar\u00a0poderes insospechados\u201d. Es la ocasi\u00f3n en que los ancianos reviven y comparten viejas historias,\u00a0cuentos, chascarros, y adivinanzas. Una fiesta que se espera y se prepara\u00a0todo el a\u00f1o, en donde los ni\u00f1os y los j\u00f3venes reciben de los mayores la\u00a0transmisi\u00f3n de aquellos saberes a los que no se tiene acceso todos los d\u00edas, y \u00a0por lo mismo se atesoran como patrimonio secreto. Se trata de una tradici\u00f3n ancestral heredada de la cultura espa\u00f1ola, cuyo\u00a0arraigo en nuestros campos y pueblos escondidos a\u00fan se manifiesta en todo\u00a0nuestro pa\u00eds, pero no as\u00ed en la gran urbe. Finalmente Paulina \u00c1vila Pinto, Administradora de la Biblioteca invita a los asistentes a traer su mate y mantita para compartir una mateada, escuchar y compartir historias populares y payas, adem\u00e1s se\u00f1alo que la entrada es liberada.<\/span><\/p>\n","protected":false},"excerpt":{"rendered":"<p>\u00a0Yungay, la Biblioteca P\u00fablica Oreste Montero y la Ilustre Municipalidad\u00a0te invitan a participar de la celebraci\u00f3n de la fiesta tradicional de la \u201cNoche de San Juan\u201d, el domingo 23 de junio, de 18:00 a&#46;&#46;&#46;<\/p>\n","protected":false},"author":2,"featured_media":16247,"comment_status":"open","ping_status":"open","sticky":false,"template":"","format":"standard","meta":{"footnotes":""},"categories":[1],"tags":[583,356,699,1115,8,6],"class_list":["post-9513","post","type-post","status-publish","format-standard","has-post-thumbnail","hentry","category-noticias","tag-biblioteca","tag-municipalidad","tag-noche-de-san-juan","tag-noticias","tag-yungay","tag-yungayino"],"_links":{"self":[{"href":"https:\/\/www.yungayino.cl\/noticias\/index.php?rest_route=\/wp\/v2\/posts\/9513","targetHints":{"allow":["GET"]}}],"collection":[{"href":"https:\/\/www.yungayino.cl\/noticias\/index.php?rest_route=\/wp\/v2\/posts"}],"about":[{"href":"https:\/\/www.yungayino.cl\/noticias\/index.php?rest_route=\/wp\/v2\/types\/post"}],"author":[{"embeddable":true,"href":"https:\/\/www.yungayino.cl\/noticias\/index.php?rest_route=\/wp\/v2\/users\/2"}],"replies":[{"embeddable":true,"href":"https:\/\/www.yungayino.cl\/noticias\/index.php?rest_route=%2Fwp%2Fv2%2Fcomments&post=9513"}],"version-history":[{"count":6,"href":"https:\/\/www.yungayino.cl\/noticias\/index.php?rest_route=\/wp\/v2\/posts\/9513\/revisions"}],"predecessor-version":[{"id":9519,"href":"https:\/\/www.yungayino.cl\/noticias\/index.php?rest_route=\/wp\/v2\/posts\/9513\/revisions\/9519"}],"wp:featuredmedia":[{"embeddable":true,"href":"https:\/\/www.yungayino.cl\/noticias\/index.php?rest_route=\/wp\/v2\/media\/16247"}],"wp:attachment":[{"href":"https:\/\/www.yungayino.cl\/noticias\/index.php?rest_route=%2Fwp%2Fv2%2Fmedia&parent=9513"}],"wp:term":[{"taxonomy":"category","embeddable":true,"href":"https:\/\/www.yungayino.cl\/noticias\/index.php?rest_route=%2Fwp%2Fv2%2Fcategories&post=9513"},{"taxonomy":"post_tag","embeddable":true,"href":"https:\/\/www.yungayino.cl\/noticias\/index.php?rest_route=%2Fwp%2Fv2%2Ftags&post=9513"}],"curies":[{"name":"wp","href":"https:\/\/api.w.org\/{rel}","templated":true}]}}