{"id":9529,"date":"2013-06-21T10:00:01","date_gmt":"2013-06-21T14:00:01","guid":{"rendered":"http:\/\/www.yungayino.cl\/noticias\/?p=9529"},"modified":"2013-06-21T15:13:32","modified_gmt":"2013-06-21T19:13:32","slug":"gran-estofado-de-san-juan-organizara-comunidad-de-escuela-fernando-baquedano-de-yungay","status":"publish","type":"post","link":"https:\/\/www.yungayino.cl\/noticias\/?p=9529","title":{"rendered":"Gran Estofado de San Juan Organizar\u00e1 Comunidad de Escuela Fernando Baquedano de Yungay"},"content":{"rendered":"<p><img loading=\"lazy\" decoding=\"async\" alt=\"YUNGAYINO.CL - El Portal de Yungay\" src=\"http:\/\/www.yungayino.cl\/imagenes\/estofadosanjuan.jpg\" width=\"500\" height=\"225\" \/><\/p>\n<p><span style=\"font-size: small; font-family: arial,helvetica,sans-serif;\">Yungay, en el Sal\u00f3n Comunitario Multiuso se realizar\u00e1 este s\u00e1bado 22 de junio a partir de las 12:00 horas un \u201cGran Estofado de San Juan\u201d, el cu\u00e1l esta organizado por la Comunidad Escolar de la Escuela Fernando Baquedano y que ira en beneficio del Centro de Apoderado de dicha entidad escolar. A quienes quieran colaborar las adhesiones se encuentran a la venta en la escuela y cuyo valor asciende a $3500. Se\u00f1alar que adem\u00e1s del tradicional estofado el p\u00fablico asistente podr\u00e1 disfrutar de la artesan\u00eda popular, concurso de mates t\u00edpicos, la\u00a0 presentaci\u00f3n del Grupo Tuna Magisterio UNACH y de todo el canto popular de Ren\u00e9 Inostroza.<\/span><\/p>\n<p><span style=\"font-size: small; font-family: arial,helvetica,sans-serif;\"><a href=\"http:\/\/www.yungayino.cl\/imagenes\/estofadosajuan2013.jpg\">M\u00e1s Informaci\u00f3n<\/a><\/span><\/p>\n","protected":false},"excerpt":{"rendered":"<p>Yungay, en el Sal\u00f3n Comunitario Multiuso se realizar\u00e1 este s\u00e1bado 22 de junio a partir de las 12:00 horas un \u201cGran Estofado de San Juan\u201d, el cu\u00e1l esta organizado por la Comunidad Escolar de&#46;&#46;&#46;<\/p>\n","protected":false},"author":2,"featured_media":16250,"comment_status":"open","ping_status":"open","sticky":false,"template":"","format":"standard","meta":{"footnotes":""},"categories":[1],"tags":[524,700,1115,8,6],"class_list":["post-9529","post","type-post","status-publish","format-standard","has-post-thumbnail","hentry","category-noticias","tag-escuela-fernado-baquedano","tag-estofado-de-san-juan","tag-noticias","tag-yungay","tag-yungayino"],"_links":{"self":[{"href":"https:\/\/www.yungayino.cl\/noticias\/index.php?rest_route=\/wp\/v2\/posts\/9529","targetHints":{"allow":["GET"]}}],"collection":[{"href":"https:\/\/www.yungayino.cl\/noticias\/index.php?rest_route=\/wp\/v2\/posts"}],"about":[{"href":"https:\/\/www.yungayino.cl\/noticias\/index.php?rest_route=\/wp\/v2\/types\/post"}],"author":[{"embeddable":true,"href":"https:\/\/www.yungayino.cl\/noticias\/index.php?rest_route=\/wp\/v2\/users\/2"}],"replies":[{"embeddable":true,"href":"https:\/\/www.yungayino.cl\/noticias\/index.php?rest_route=%2Fwp%2Fv2%2Fcomments&post=9529"}],"version-history":[{"count":2,"href":"https:\/\/www.yungayino.cl\/noticias\/index.php?rest_route=\/wp\/v2\/posts\/9529\/revisions"}],"predecessor-version":[{"id":9531,"href":"https:\/\/www.yungayino.cl\/noticias\/index.php?rest_route=\/wp\/v2\/posts\/9529\/revisions\/9531"}],"wp:featuredmedia":[{"embeddable":true,"href":"https:\/\/www.yungayino.cl\/noticias\/index.php?rest_route=\/wp\/v2\/media\/16250"}],"wp:attachment":[{"href":"https:\/\/www.yungayino.cl\/noticias\/index.php?rest_route=%2Fwp%2Fv2%2Fmedia&parent=9529"}],"wp:term":[{"taxonomy":"category","embeddable":true,"href":"https:\/\/www.yungayino.cl\/noticias\/index.php?rest_route=%2Fwp%2Fv2%2Fcategories&post=9529"},{"taxonomy":"post_tag","embeddable":true,"href":"https:\/\/www.yungayino.cl\/noticias\/index.php?rest_route=%2Fwp%2Fv2%2Ftags&post=9529"}],"curies":[{"name":"wp","href":"https:\/\/api.w.org\/{rel}","templated":true}]}}