{"id":9536,"date":"2013-06-25T10:00:43","date_gmt":"2013-06-25T14:00:43","guid":{"rendered":"http:\/\/www.yungayino.cl\/noticias\/?p=9536"},"modified":"2013-06-25T12:34:58","modified_gmt":"2013-06-25T16:34:58","slug":"club-adultos-mayores-despertando-a-la-vida-de-yungay-participo-en-festival-de-talentos-realizado-en-chillan-viejo","status":"publish","type":"post","link":"https:\/\/www.yungayino.cl\/noticias\/?p=9536","title":{"rendered":"Club Adultos Mayores \u201cDespertando a la Vida\u201d de Yungay Participo en Festival de Talentos Realizado en Chill\u00e1n Viejo"},"content":{"rendered":"<p><img loading=\"lazy\" decoding=\"async\" alt=\"YUNGAYINO.CL - El Portal de Yungay\" src=\"http:\/\/www.yungayino.cl\/imagenes\/despertandoalavida20130621.jpg\" width=\"500\" height=\"200\" \/><\/p>\n<p><span style=\"font-size: small; font-family: arial,helvetica,sans-serif;\">Yungay, una destacada participaci\u00f3n tuvo el pasado viernes 21 de junio la delegaci\u00f3n del Club Adultos Mayores <b>\u201cDespertando a la Vida\u201d <\/b>de nuestra comuna, en el Festival de Talentos organizado por el Municipio de Chill\u00e1n Viejo y que se desarrollo en la Casa de la Cultura. La actividad que se realizo con el objetivo de generar espacios para las personas mayores para que les permita generar instancias para un envejecimiento positivo, adem\u00e1s de poder mostrar sus dotes en el canto, poes\u00eda, baile, teatro y humor entre otros. Se\u00f1alar que el municipio yungayino aporto con la locomoci\u00f3n y la delegaci\u00f3n estuvo liderada por su monitora Jaqueline Segura y la concejala Ang\u00e9lica Cabezas.<\/span><\/p>\n<p><a href=\"http:\/\/www.facebook.com\/media\/set\/?set=a.663112610370448.1073741885.159561284058919&amp;type=3&amp;uploaded=49\"><span style=\"font-size: small; font-family: arial,helvetica,sans-serif;\">Fotograf\u00edas<\/span><\/a><\/p>\n","protected":false},"excerpt":{"rendered":"<p>Yungay, una destacada participaci\u00f3n tuvo el pasado viernes 21 de junio la delegaci\u00f3n del Club Adultos Mayores \u201cDespertando a la Vida\u201d de nuestra comuna, en el Festival de Talentos organizado por el Municipio de&#46;&#46;&#46;<\/p>\n","protected":false},"author":2,"featured_media":16252,"comment_status":"open","ping_status":"open","sticky":false,"template":"","format":"standard","meta":{"footnotes":""},"categories":[1],"tags":[57,701,265,1115,8,6],"class_list":["post-9536","post","type-post","status-publish","format-standard","has-post-thumbnail","hentry","category-noticias","tag-adultos-mayores","tag-chillan-viejo","tag-despertando-a-la-vida","tag-noticias","tag-yungay","tag-yungayino"],"_links":{"self":[{"href":"https:\/\/www.yungayino.cl\/noticias\/index.php?rest_route=\/wp\/v2\/posts\/9536","targetHints":{"allow":["GET"]}}],"collection":[{"href":"https:\/\/www.yungayino.cl\/noticias\/index.php?rest_route=\/wp\/v2\/posts"}],"about":[{"href":"https:\/\/www.yungayino.cl\/noticias\/index.php?rest_route=\/wp\/v2\/types\/post"}],"author":[{"embeddable":true,"href":"https:\/\/www.yungayino.cl\/noticias\/index.php?rest_route=\/wp\/v2\/users\/2"}],"replies":[{"embeddable":true,"href":"https:\/\/www.yungayino.cl\/noticias\/index.php?rest_route=%2Fwp%2Fv2%2Fcomments&post=9536"}],"version-history":[{"count":4,"href":"https:\/\/www.yungayino.cl\/noticias\/index.php?rest_route=\/wp\/v2\/posts\/9536\/revisions"}],"predecessor-version":[{"id":9540,"href":"https:\/\/www.yungayino.cl\/noticias\/index.php?rest_route=\/wp\/v2\/posts\/9536\/revisions\/9540"}],"wp:featuredmedia":[{"embeddable":true,"href":"https:\/\/www.yungayino.cl\/noticias\/index.php?rest_route=\/wp\/v2\/media\/16252"}],"wp:attachment":[{"href":"https:\/\/www.yungayino.cl\/noticias\/index.php?rest_route=%2Fwp%2Fv2%2Fmedia&parent=9536"}],"wp:term":[{"taxonomy":"category","embeddable":true,"href":"https:\/\/www.yungayino.cl\/noticias\/index.php?rest_route=%2Fwp%2Fv2%2Fcategories&post=9536"},{"taxonomy":"post_tag","embeddable":true,"href":"https:\/\/www.yungayino.cl\/noticias\/index.php?rest_route=%2Fwp%2Fv2%2Ftags&post=9536"}],"curies":[{"name":"wp","href":"https:\/\/api.w.org\/{rel}","templated":true}]}}