{"id":9541,"date":"2013-06-25T18:00:11","date_gmt":"2013-06-25T22:00:11","guid":{"rendered":"http:\/\/www.yungayino.cl\/noticias\/?p=9541"},"modified":"2013-06-25T19:15:36","modified_gmt":"2013-06-25T23:15:36","slug":"municipio-y-sernam-realizaron-un-encuentro-empresarial","status":"publish","type":"post","link":"https:\/\/www.yungayino.cl\/noticias\/?p=9541","title":{"rendered":"Municipio y Sernam Realizaron Un Encuentro Empresarial"},"content":{"rendered":"<p><img loading=\"lazy\" decoding=\"async\" alt=\"YUNGAYINO.CL - El Portal de Yungay\" src=\"http:\/\/www.yungayino.cl\/imagenes\/reunionempresarios201306.jpg\" width=\"500\" height=\"200\" \/><\/p>\n<p><span style=\"font-size: small; font-family: arial,helvetica,sans-serif;\">Yungay, en el marco de las buenas pr\u00e1cticas laborales y de g\u00e9nero, se realiz\u00f3 en la comuna en dependencias de la Biblioteca Municipal un encuentro empresarial convocado por la I. Municipalidad de Yungay y SERNAM para realizar la presentaci\u00f3n de la Norma Iguala Conciliaci\u00f3n <b>\u201c<\/b><b>NCh 3262: 2012 Sistemas de Gesti\u00f3n. Gesti\u00f3n de Igualdad de G\u00e9nero y Conciliaci\u00f3n de la vida laboral, familiar y personal\u201d, <\/b>en dicha oportunidad participaron representantes de 2 empresas locales, Sra. Gema Osses de Librer\u00eda Copiplan, Neyib Farr\u00e1n de ferreter\u00eda Agrofarr\u00e1n y Don Juan Carlos Pizarro, representante de la empresa Aservin, como empresa contratista presente en nuestra comuna. Este sello ser\u00e1 una distinci\u00f3n gubernamental que otorgar\u00e1 SERNAM a organizaciones que <b>obtengan la certificaci\u00f3n <\/b>en la Norma chilena de igualdad de g\u00e9nero y conciliaci\u00f3n. Esta distinci\u00f3n es de car\u00e1cter promocional y dar\u00e1 derecho a la organizaci\u00f3n certificada a incorporarlo en las estrategias promocionales.<\/span><\/p>\n<p><span style=\"font-size: small; font-family: arial,helvetica,sans-serif;\"><a href=\"http:\/\/www.facebook.com\/media\/set\/?set=a.663263093688733.1073741886.159561284058919&amp;type=3&amp;uploaded=9\">Fotograf\u00edas<\/a><\/span><\/p>\n","protected":false},"excerpt":{"rendered":"<p>Yungay, en el marco de las buenas pr\u00e1cticas laborales y de g\u00e9nero, se realiz\u00f3 en la comuna en dependencias de la Biblioteca Municipal un encuentro empresarial convocado por la I. Municipalidad de Yungay y&#46;&#46;&#46;<\/p>\n","protected":false},"author":2,"featured_media":16253,"comment_status":"open","ping_status":"open","sticky":false,"template":"","format":"standard","meta":{"footnotes":""},"categories":[1],"tags":[702,1115,8,6],"class_list":["post-9541","post","type-post","status-publish","format-standard","has-post-thumbnail","hentry","category-noticias","tag-encuentro-empresarial","tag-noticias","tag-yungay","tag-yungayino"],"_links":{"self":[{"href":"https:\/\/www.yungayino.cl\/noticias\/index.php?rest_route=\/wp\/v2\/posts\/9541","targetHints":{"allow":["GET"]}}],"collection":[{"href":"https:\/\/www.yungayino.cl\/noticias\/index.php?rest_route=\/wp\/v2\/posts"}],"about":[{"href":"https:\/\/www.yungayino.cl\/noticias\/index.php?rest_route=\/wp\/v2\/types\/post"}],"author":[{"embeddable":true,"href":"https:\/\/www.yungayino.cl\/noticias\/index.php?rest_route=\/wp\/v2\/users\/2"}],"replies":[{"embeddable":true,"href":"https:\/\/www.yungayino.cl\/noticias\/index.php?rest_route=%2Fwp%2Fv2%2Fcomments&post=9541"}],"version-history":[{"count":3,"href":"https:\/\/www.yungayino.cl\/noticias\/index.php?rest_route=\/wp\/v2\/posts\/9541\/revisions"}],"predecessor-version":[{"id":9544,"href":"https:\/\/www.yungayino.cl\/noticias\/index.php?rest_route=\/wp\/v2\/posts\/9541\/revisions\/9544"}],"wp:featuredmedia":[{"embeddable":true,"href":"https:\/\/www.yungayino.cl\/noticias\/index.php?rest_route=\/wp\/v2\/media\/16253"}],"wp:attachment":[{"href":"https:\/\/www.yungayino.cl\/noticias\/index.php?rest_route=%2Fwp%2Fv2%2Fmedia&parent=9541"}],"wp:term":[{"taxonomy":"category","embeddable":true,"href":"https:\/\/www.yungayino.cl\/noticias\/index.php?rest_route=%2Fwp%2Fv2%2Fcategories&post=9541"},{"taxonomy":"post_tag","embeddable":true,"href":"https:\/\/www.yungayino.cl\/noticias\/index.php?rest_route=%2Fwp%2Fv2%2Ftags&post=9541"}],"curies":[{"name":"wp","href":"https:\/\/api.w.org\/{rel}","templated":true}]}}