{"id":9545,"date":"2013-06-26T08:00:48","date_gmt":"2013-06-26T12:00:48","guid":{"rendered":"http:\/\/www.yungayino.cl\/noticias\/?p=9545"},"modified":"2013-06-26T09:07:25","modified_gmt":"2013-06-26T13:07:25","slug":"comunidad-escolar-de-la-escuela-fernando-baquedano-celebro-fiesta-de-san-juan-con-gran-estofado","status":"publish","type":"post","link":"https:\/\/www.yungayino.cl\/noticias\/?p=9545","title":{"rendered":"Comunidad Escolar de la Escuela Fernando Baquedano Celebro Fiesta de \u201cSan Juan \u201ccon Gran Estofado."},"content":{"rendered":"<p><img loading=\"lazy\" decoding=\"async\" alt=\"YUNGAYINO.CL - El Portal de Yungay\" src=\"http:\/\/www.yungayino.cl\/imagenes\/estofadofernadobaquedano.jpg\" width=\"500\" height=\"200\" \/><\/p>\n<p><span style=\"font-size: small; font-family: arial,helvetica,sans-serif;\">Yungay, en el Sal\u00f3n Comunitario Multiuso se celebr\u00f3 el pasado s\u00e1bado 22 de junio la Fiesta de San Juan, la cu\u00e1l fue organizada por la Comunidad Escolar de la Escuela Fernando Baquedano. En la ocasi\u00f3n se preparo el gran estofado y donde los asientes pudieron disfrutar de este tradicional plato preparados en olletas, todo esto acompa\u00f1ado de sopaipillas, pebre, aj\u00ed, tortilla y vino. El p\u00fablico que concurri\u00f3 pudo disfrutar de un variado show donde se destaco la participaci\u00f3n de Ren\u00e9 Inostroza con su canto popular. Tambi\u00e9n participaron el Grupo Tuna Magisterio UNACH, Guillermina Bascu\u00f1an, el rayito Pemucano, Jaime Flores el \u201cTordo\u201d de Linares, el Conjunto Nanihue de Chill\u00e1n y \u201cChano\u201d Anabal\u00f3n, qui\u00e9n adem\u00e1s expuso su artesan\u00eda. Finalmente la Comunidad Escolar agradeci\u00f3 a todos los que asistieron y colaboradores que hicieron posible la realizaci\u00f3n de esta actividad.<\/span><\/p>\n<p><a href=\"http:\/\/www.facebook.com\/media\/set\/?set=a.663551096993266.1073741887.159561284058919&amp;type=3&amp;uploaded=37\"><span style=\"font-size: small; font-family: arial,helvetica,sans-serif;\">Fotograf\u00edas<\/span><\/a><\/p>\n","protected":false},"excerpt":{"rendered":"<p>Yungay, en el Sal\u00f3n Comunitario Multiuso se celebr\u00f3 el pasado s\u00e1bado 22 de junio la Fiesta de San Juan, la cu\u00e1l fue organizada por la Comunidad Escolar de la Escuela Fernando Baquedano. En la&#46;&#46;&#46;<\/p>\n","protected":false},"author":2,"featured_media":16254,"comment_status":"open","ping_status":"open","sticky":false,"template":"","format":"standard","meta":{"footnotes":""},"categories":[1],"tags":[190,700,1115,8,6],"class_list":["post-9545","post","type-post","status-publish","format-standard","has-post-thumbnail","hentry","category-noticias","tag-escuela-fernando-baquedano","tag-estofado-de-san-juan","tag-noticias","tag-yungay","tag-yungayino"],"_links":{"self":[{"href":"https:\/\/www.yungayino.cl\/noticias\/index.php?rest_route=\/wp\/v2\/posts\/9545","targetHints":{"allow":["GET"]}}],"collection":[{"href":"https:\/\/www.yungayino.cl\/noticias\/index.php?rest_route=\/wp\/v2\/posts"}],"about":[{"href":"https:\/\/www.yungayino.cl\/noticias\/index.php?rest_route=\/wp\/v2\/types\/post"}],"author":[{"embeddable":true,"href":"https:\/\/www.yungayino.cl\/noticias\/index.php?rest_route=\/wp\/v2\/users\/2"}],"replies":[{"embeddable":true,"href":"https:\/\/www.yungayino.cl\/noticias\/index.php?rest_route=%2Fwp%2Fv2%2Fcomments&post=9545"}],"version-history":[{"count":4,"href":"https:\/\/www.yungayino.cl\/noticias\/index.php?rest_route=\/wp\/v2\/posts\/9545\/revisions"}],"predecessor-version":[{"id":9549,"href":"https:\/\/www.yungayino.cl\/noticias\/index.php?rest_route=\/wp\/v2\/posts\/9545\/revisions\/9549"}],"wp:featuredmedia":[{"embeddable":true,"href":"https:\/\/www.yungayino.cl\/noticias\/index.php?rest_route=\/wp\/v2\/media\/16254"}],"wp:attachment":[{"href":"https:\/\/www.yungayino.cl\/noticias\/index.php?rest_route=%2Fwp%2Fv2%2Fmedia&parent=9545"}],"wp:term":[{"taxonomy":"category","embeddable":true,"href":"https:\/\/www.yungayino.cl\/noticias\/index.php?rest_route=%2Fwp%2Fv2%2Fcategories&post=9545"},{"taxonomy":"post_tag","embeddable":true,"href":"https:\/\/www.yungayino.cl\/noticias\/index.php?rest_route=%2Fwp%2Fv2%2Ftags&post=9545"}],"curies":[{"name":"wp","href":"https:\/\/api.w.org\/{rel}","templated":true}]}}