{"id":9555,"date":"2013-06-26T09:30:26","date_gmt":"2013-06-26T13:30:26","guid":{"rendered":"http:\/\/www.yungayino.cl\/noticias\/?p=9555"},"modified":"2013-06-26T09:58:46","modified_gmt":"2013-06-26T13:58:46","slug":"en-la-biblioteca-publica-de-yungay-se-celebro-la-fiesta-de-la-noche-de-san-juan","status":"publish","type":"post","link":"https:\/\/www.yungayino.cl\/noticias\/?p=9555","title":{"rendered":"En La Biblioteca P\u00fablica de Yungay Se Celebr\u00f3 la Fiesta de la Noche de San Juan"},"content":{"rendered":"<p><img loading=\"lazy\" decoding=\"async\" alt=\"YUNGAYINO.CL - El Portal de Yungay\" src=\"http:\/\/www.yungayino.cl\/imagenes\/nochesanjuanbiblioteca.jpg\" width=\"500\" height=\"200\" \/><\/p>\n<p><span style=\"font-size: small; font-family: arial,helvetica,sans-serif;\">Yungay, en la Biblioteca P\u00fablica Oreste Montero y con la colaboraci\u00f3n de la Ilustre Municipalidad\u00a0celebraron la Fiesta de la \u201cNoche de San Juan\u201d. La actividad que tuvo una muy buena acogida de quienes asistieron y que adem\u00e1s pudieron compartir con la bebida tradicional caliente del mate acompa\u00f1ado de dulces. La jornada cont\u00f3 con la participaci\u00f3n del Grupo Cantares de Yungay, quienes deleitaron con su m\u00fasica folcl\u00f3rica e hicieron bailar a los presentes. Tambi\u00e9n se narraron historias populares, refranes, payas, adivinanzas, chistes, adem\u00e1s se expusieron y explicaron los ritos y mitos que marcan esta noche como lo son, \u201dLa Fuente de Agua\u201d, \u201dEl futuro con las tres papas\u201d, \u201d Esperma en recipiente de agua\u201d, \u201cPlato con agua y dos agujas\u201d entre las m\u00e1s conocidas. Finalmente se cumpli\u00f3 con el objetivo que era rescatar y mantener vivo el sentido patrimonial \u00a0y cultural de esta tradicional celebraci\u00f3n.<\/span><\/p>\n<p><a href=\"http:\/\/www.facebook.com\/media\/set\/?set=a.663568253658217.1073741888.159561284058919&amp;type=3&amp;uploaded=91\"><span style=\"font-size: small; font-family: arial,helvetica,sans-serif;\">Fotograf\u00edas<\/span><\/a><\/p>\n","protected":false},"excerpt":{"rendered":"<p>Yungay, en la Biblioteca P\u00fablica Oreste Montero y con la colaboraci\u00f3n de la Ilustre Municipalidad\u00a0celebraron la Fiesta de la \u201cNoche de San Juan\u201d. La actividad que tuvo una muy buena acogida de quienes asistieron&#46;&#46;&#46;<\/p>\n","protected":false},"author":2,"featured_media":16256,"comment_status":"open","ping_status":"open","sticky":false,"template":"","format":"standard","meta":{"footnotes":""},"categories":[1],"tags":[134,699,1115,8,6],"class_list":["post-9555","post","type-post","status-publish","format-standard","has-post-thumbnail","hentry","category-noticias","tag-biblioteca-publica","tag-noche-de-san-juan","tag-noticias","tag-yungay","tag-yungayino"],"_links":{"self":[{"href":"https:\/\/www.yungayino.cl\/noticias\/index.php?rest_route=\/wp\/v2\/posts\/9555","targetHints":{"allow":["GET"]}}],"collection":[{"href":"https:\/\/www.yungayino.cl\/noticias\/index.php?rest_route=\/wp\/v2\/posts"}],"about":[{"href":"https:\/\/www.yungayino.cl\/noticias\/index.php?rest_route=\/wp\/v2\/types\/post"}],"author":[{"embeddable":true,"href":"https:\/\/www.yungayino.cl\/noticias\/index.php?rest_route=\/wp\/v2\/users\/2"}],"replies":[{"embeddable":true,"href":"https:\/\/www.yungayino.cl\/noticias\/index.php?rest_route=%2Fwp%2Fv2%2Fcomments&post=9555"}],"version-history":[{"count":4,"href":"https:\/\/www.yungayino.cl\/noticias\/index.php?rest_route=\/wp\/v2\/posts\/9555\/revisions"}],"predecessor-version":[{"id":9559,"href":"https:\/\/www.yungayino.cl\/noticias\/index.php?rest_route=\/wp\/v2\/posts\/9555\/revisions\/9559"}],"wp:featuredmedia":[{"embeddable":true,"href":"https:\/\/www.yungayino.cl\/noticias\/index.php?rest_route=\/wp\/v2\/media\/16256"}],"wp:attachment":[{"href":"https:\/\/www.yungayino.cl\/noticias\/index.php?rest_route=%2Fwp%2Fv2%2Fmedia&parent=9555"}],"wp:term":[{"taxonomy":"category","embeddable":true,"href":"https:\/\/www.yungayino.cl\/noticias\/index.php?rest_route=%2Fwp%2Fv2%2Fcategories&post=9555"},{"taxonomy":"post_tag","embeddable":true,"href":"https:\/\/www.yungayino.cl\/noticias\/index.php?rest_route=%2Fwp%2Fv2%2Ftags&post=9555"}],"curies":[{"name":"wp","href":"https:\/\/api.w.org\/{rel}","templated":true}]}}