{"id":9566,"date":"2013-06-27T21:00:41","date_gmt":"2013-06-28T01:00:41","guid":{"rendered":"http:\/\/www.yungayino.cl\/noticias\/?p=9566"},"modified":"2013-06-27T21:20:38","modified_gmt":"2013-06-28T01:20:38","slug":"internos-de-la-carcel-de-yungay-participaron-en-concurso-de-pintura","status":"publish","type":"post","link":"https:\/\/www.yungayino.cl\/noticias\/?p=9566","title":{"rendered":"Internos de la C\u00e1rcel de Yungay Participaron en Concurso de Pintura"},"content":{"rendered":"<p><img loading=\"lazy\" decoding=\"async\" alt=\"YUNGAYINO.CL - El Portal de Yungay\" src=\"http:\/\/www.yungayino.cl\/imagenes\/concursopinturacarcel2013.jpg\" width=\"500\" height=\"200\" \/><\/p>\n<p><span style=\"font-size: small; font-family: arial,helvetica,sans-serif;\">Yungay, este jueves 27 de junio a partir de las 10:30 horas se realizo en el Centro de Detenci\u00f3n Preventiva de nuestra comuna por tercer a\u00f1o consecutivos un concurso de Pintura en Alusi\u00f3n al <strong>\u201cMes del mar\u201d,<\/strong> donde 25 internos pertenecientes a la Unidad Educativa F-369 B\u00e1sica de Adultos \u00a0participaron con mucho entusiasmo, adem\u00e1s se\u00f1alar que en la ocasi\u00f3n recibieron tempera, pincel, cart\u00f3n piedra y l\u00e1piz grafito. La actividad fue patrocinada por la Ilustre Municipalidad de Yungay y fue organizada por el Departamento Comunal de Educaci\u00f3n, junto a la Instituci\u00f3n de Gendarmer\u00eda de Chile. El concurso estuvo encabezado por el Capit\u00e1n Eugenio Alvial, el Director de la Escuela Carcelaria, Manuel Garc\u00eda y Cesar Araya, Coordinador Comunal Extraescolar. En la ocasi\u00f3n el interno Braulio Valenzuela expreso su agradecimiento a las autoridades presentes por la oportunidad de realizar este tipo de actividades y que les permite mirar de diferente manera el futuro para\u00a0 reintegrarse a la sociedad, adem\u00e1s pudo exponer una poes\u00eda creada por \u00e9l. Finalmente despu\u00e9s de 90 minutos de concurso se premio a los ganadores y adem\u00e1s se les entrego a todos un diploma por su participaci\u00f3n.<\/span><\/p>\n<p><span style=\"font-size: small; font-family: arial,helvetica,sans-serif;\"><a href=\"http:\/\/www.facebook.com\/media\/set\/?set=a.664308810250828.1073741889.159561284058919&amp;type=3&amp;uploaded=15\">Fotograf\u00edas<\/a><\/span><\/p>\n","protected":false},"excerpt":{"rendered":"<p>Yungay, este jueves 27 de junio a partir de las 10:30 horas se realizo en el Centro de Detenci\u00f3n Preventiva de nuestra comuna por tercer a\u00f1o consecutivos un concurso de Pintura en Alusi\u00f3n al&#46;&#46;&#46;<\/p>\n","protected":false},"author":2,"featured_media":16258,"comment_status":"open","ping_status":"open","sticky":false,"template":"","format":"standard","meta":{"footnotes":""},"categories":[1],"tags":[705,706,1115,8,6],"class_list":["post-9566","post","type-post","status-publish","format-standard","has-post-thumbnail","hentry","category-noticias","tag-carcel-yungay","tag-concurso-de-pintura","tag-noticias","tag-yungay","tag-yungayino"],"_links":{"self":[{"href":"https:\/\/www.yungayino.cl\/noticias\/index.php?rest_route=\/wp\/v2\/posts\/9566","targetHints":{"allow":["GET"]}}],"collection":[{"href":"https:\/\/www.yungayino.cl\/noticias\/index.php?rest_route=\/wp\/v2\/posts"}],"about":[{"href":"https:\/\/www.yungayino.cl\/noticias\/index.php?rest_route=\/wp\/v2\/types\/post"}],"author":[{"embeddable":true,"href":"https:\/\/www.yungayino.cl\/noticias\/index.php?rest_route=\/wp\/v2\/users\/2"}],"replies":[{"embeddable":true,"href":"https:\/\/www.yungayino.cl\/noticias\/index.php?rest_route=%2Fwp%2Fv2%2Fcomments&post=9566"}],"version-history":[{"count":4,"href":"https:\/\/www.yungayino.cl\/noticias\/index.php?rest_route=\/wp\/v2\/posts\/9566\/revisions"}],"predecessor-version":[{"id":9570,"href":"https:\/\/www.yungayino.cl\/noticias\/index.php?rest_route=\/wp\/v2\/posts\/9566\/revisions\/9570"}],"wp:featuredmedia":[{"embeddable":true,"href":"https:\/\/www.yungayino.cl\/noticias\/index.php?rest_route=\/wp\/v2\/media\/16258"}],"wp:attachment":[{"href":"https:\/\/www.yungayino.cl\/noticias\/index.php?rest_route=%2Fwp%2Fv2%2Fmedia&parent=9566"}],"wp:term":[{"taxonomy":"category","embeddable":true,"href":"https:\/\/www.yungayino.cl\/noticias\/index.php?rest_route=%2Fwp%2Fv2%2Fcategories&post=9566"},{"taxonomy":"post_tag","embeddable":true,"href":"https:\/\/www.yungayino.cl\/noticias\/index.php?rest_route=%2Fwp%2Fv2%2Ftags&post=9566"}],"curies":[{"name":"wp","href":"https:\/\/api.w.org\/{rel}","templated":true}]}}