{"id":9580,"date":"2013-06-28T20:00:32","date_gmt":"2013-06-29T00:00:32","guid":{"rendered":"http:\/\/www.yungayino.cl\/noticias\/?p=9580"},"modified":"2013-06-28T21:12:02","modified_gmt":"2013-06-29T01:12:02","slug":"nuevo-comisario-asume-cuarta-comisaria-de-carabineros-de-yungay","status":"publish","type":"post","link":"https:\/\/www.yungayino.cl\/noticias\/?p=9580","title":{"rendered":"Nuevo Comisario Asume Cuarta Comisar\u00eda de Carabineros de Yungay"},"content":{"rendered":"<p><img loading=\"lazy\" decoding=\"async\" alt=\"YUNGAYINO.CL - El Portal de Yungay\" src=\"http:\/\/www.yungayino.cl\/imagenes\/mayordarwinillanes.jpg\" width=\"500\" height=\"200\" \/><\/p>\n<p><span style=\"font-size: small; font-family: arial,helvetica,sans-serif;\">Yungay, viernes 28 de junio 2013 a partir de las 17:30 horas en una breve ceremonia efectuada en las dependencias de la Cuarta Comisar\u00eda de Carabineros de nuestra comuna y que cont\u00f3 con la presencia del Sr. Prefecto Operativo de la Prefectura \u00d1uble N\u00b017, Coronel Williams N\u00fa\u00f1ez Riquelme en calidad de Interventor asumi\u00f3 como nuevo comisario de esta unidad el Mayor Darwin Alexander Illanes Aguilera. En la ocasi\u00f3n el Coronel felicito al nuevo mayor y le deseo \u00e9xito en el nuevo desaf\u00edo e hizo un llamado a los uniformados presentes a segur trabajando por el bien de toda la comunidad. Finalmente la ceremonia concluy\u00f3 con la interpretaci\u00f3n del Himno institucional.<\/span><\/p>\n<p><a href=\"http:\/\/www.facebook.com\/media\/set\/?set=a.664762446872131.1073741891.159561284058919&amp;type=3&amp;uploaded=18\"><span style=\"font-size: small; font-family: arial,helvetica,sans-serif;\">Fotograf\u00edas<\/span><\/a><\/p>\n","protected":false},"excerpt":{"rendered":"<p>Yungay, viernes 28 de junio 2013 a partir de las 17:30 horas en una breve ceremonia efectuada en las dependencias de la Cuarta Comisar\u00eda de Carabineros de nuestra comuna y que cont\u00f3 con la&#46;&#46;&#46;<\/p>\n","protected":false},"author":2,"featured_media":16261,"comment_status":"open","ping_status":"open","sticky":false,"template":"","format":"standard","meta":{"footnotes":""},"categories":[3,1],"tags":[25,709,1115,8,6],"class_list":["post-9580","post","type-post","status-publish","format-standard","has-post-thumbnail","hentry","category-actualidad","category-noticias","tag-carabineros","tag-mayor-darwin-illanes","tag-noticias","tag-yungay","tag-yungayino"],"_links":{"self":[{"href":"https:\/\/www.yungayino.cl\/noticias\/index.php?rest_route=\/wp\/v2\/posts\/9580","targetHints":{"allow":["GET"]}}],"collection":[{"href":"https:\/\/www.yungayino.cl\/noticias\/index.php?rest_route=\/wp\/v2\/posts"}],"about":[{"href":"https:\/\/www.yungayino.cl\/noticias\/index.php?rest_route=\/wp\/v2\/types\/post"}],"author":[{"embeddable":true,"href":"https:\/\/www.yungayino.cl\/noticias\/index.php?rest_route=\/wp\/v2\/users\/2"}],"replies":[{"embeddable":true,"href":"https:\/\/www.yungayino.cl\/noticias\/index.php?rest_route=%2Fwp%2Fv2%2Fcomments&post=9580"}],"version-history":[{"count":3,"href":"https:\/\/www.yungayino.cl\/noticias\/index.php?rest_route=\/wp\/v2\/posts\/9580\/revisions"}],"predecessor-version":[{"id":9583,"href":"https:\/\/www.yungayino.cl\/noticias\/index.php?rest_route=\/wp\/v2\/posts\/9580\/revisions\/9583"}],"wp:featuredmedia":[{"embeddable":true,"href":"https:\/\/www.yungayino.cl\/noticias\/index.php?rest_route=\/wp\/v2\/media\/16261"}],"wp:attachment":[{"href":"https:\/\/www.yungayino.cl\/noticias\/index.php?rest_route=%2Fwp%2Fv2%2Fmedia&parent=9580"}],"wp:term":[{"taxonomy":"category","embeddable":true,"href":"https:\/\/www.yungayino.cl\/noticias\/index.php?rest_route=%2Fwp%2Fv2%2Fcategories&post=9580"},{"taxonomy":"post_tag","embeddable":true,"href":"https:\/\/www.yungayino.cl\/noticias\/index.php?rest_route=%2Fwp%2Fv2%2Ftags&post=9580"}],"curies":[{"name":"wp","href":"https:\/\/api.w.org\/{rel}","templated":true}]}}