{"id":9584,"date":"2013-07-01T09:00:51","date_gmt":"2013-07-01T13:00:51","guid":{"rendered":"http:\/\/www.yungayino.cl\/noticias\/?p=9584"},"modified":"2013-07-01T12:58:04","modified_gmt":"2013-07-01T16:58:04","slug":"elecciones-primarias-yungay-2013","status":"publish","type":"post","link":"https:\/\/www.yungayino.cl\/noticias\/?p=9584","title":{"rendered":"Elecciones Primarias Yungay 2013"},"content":{"rendered":"<p><img loading=\"lazy\" decoding=\"async\" alt=\"YUNGAYINO.CL - El Portal de Yungay\" src=\"http:\/\/www.yungayino.cl\/imagenes\/votacionprimarias2013.jpg\" width=\"500\" height=\"200\" \/><\/p>\n<p><span style=\"font-size: small; font-family: arial,helvetica,sans-serif;\">Yungay, 30 de junio de 2013 pasado el mediod\u00eda se comenz\u00f3 a registrar el mayor n\u00famero de asistentes a los dos locales de votaci\u00f3n habilitados en la comuna de Yungay, donde se destaco el clima c\u00edvico ya que lo que se pensaba tendr\u00eda una baja asistencia de acuerdo a las expectativas fueron superadas ya que de forma muy tranquila los votantes concurrieron a las urnas a expresar sus preferencias en total normalidad a las 14 mesas ubicadas en dependencias de la Escuela Fernando Baquedano y 2 en el Liceo Campanario. <\/span><\/p>\n<p><span style=\"font-size: small; font-family: arial,helvetica,sans-serif;\">\u00a0<b><span style=\"text-decoration: underline;\">Resultado en Yungay \u00a0Pacto Nueva Mayor\u00eda: <\/span><\/b><\/span><\/p>\n<ul>\n<li><span style=\"font-size: small; font-family: arial,helvetica,sans-serif;\">1610 votos, Michelle Bachelet (84.33%)\u00a0\u00a0\u00a0\u00a0\u00a0\u00a0\u00a0\u00a0\u00a0\u00a0\u00a0\u00a0<\/span><\/li>\n<li><span style=\"font-size: small; font-family: arial,helvetica,sans-serif;\">75 votos, Jos\u00e9 Antonio G\u00f3mez (3.92%)<\/span><\/li>\n<li><span style=\"font-size: small; font-family: arial,helvetica,sans-serif;\">86 votos, Claudio Orrego (4.50%)<\/span><\/li>\n<li><span style=\"font-size: small; font-family: arial,helvetica,sans-serif;\">138 votos, Andr\u00e9s Velasco (7.22%)\u00a0\u00a0\u00a0<\/span><\/li>\n<\/ul>\n<p><img loading=\"lazy\" decoding=\"async\" alt=\"\" src=\"http:\/\/www.yungayino.cl\/imagenes\/GraficoServlet.jpg\" width=\"300\" height=\"300\" \/><\/p>\n<p>&nbsp;<\/p>\n<p><span style=\"font-size: small; font-family: arial,helvetica,sans-serif;\"><b><span style=\"text-decoration: underline;\">Resultado en Yungay Pacto Alianza\u00a0\u00a0\u00a0\u00a0\u00a0\u00a0 <\/span><\/b><\/span><\/p>\n<ul>\n<li><span style=\"font-size: small; font-family: arial,helvetica,sans-serif;\">290 votos, Pablo Longueira (39.10%)<\/span><\/li>\n<li><span style=\"font-size: small; font-family: arial,helvetica,sans-serif;\">452 votos, Andr\u00e9s Allamand (60.89%)<\/span><\/li>\n<\/ul>\n<p><img loading=\"lazy\" decoding=\"async\" alt=\"\" src=\"http:\/\/www.yungayino.cl\/imagenes\/GraficoServlet.jpg.png\" width=\"300\" height=\"300\" \/><\/p>\n<p><a href=\"https:\/\/www.facebook.com\/media\/set\/?set=a.666179406730435.1073741892.159561284058919&amp;type=3&amp;uploaded=25\"><span style=\"font-size: small; font-family: arial,helvetica,sans-serif;\">Fotograf\u00edas<\/span><\/a><\/p>\n","protected":false},"excerpt":{"rendered":"<p>Yungay, 30 de junio de 2013 pasado el mediod\u00eda se comenz\u00f3 a registrar el mayor n\u00famero de asistentes a los dos locales de votaci\u00f3n habilitados en la comuna de Yungay, donde se destaco el&#46;&#46;&#46;<\/p>\n","protected":false},"author":2,"featured_media":16262,"comment_status":"open","ping_status":"open","sticky":false,"template":"","format":"standard","meta":{"footnotes":""},"categories":[3,1],"tags":[31,704,1115,8,6],"class_list":["post-9584","post","type-post","status-publish","format-standard","has-post-thumbnail","hentry","category-actualidad","category-noticias","tag-campanario","tag-elecciones-primarias","tag-noticias","tag-yungay","tag-yungayino"],"_links":{"self":[{"href":"https:\/\/www.yungayino.cl\/noticias\/index.php?rest_route=\/wp\/v2\/posts\/9584","targetHints":{"allow":["GET"]}}],"collection":[{"href":"https:\/\/www.yungayino.cl\/noticias\/index.php?rest_route=\/wp\/v2\/posts"}],"about":[{"href":"https:\/\/www.yungayino.cl\/noticias\/index.php?rest_route=\/wp\/v2\/types\/post"}],"author":[{"embeddable":true,"href":"https:\/\/www.yungayino.cl\/noticias\/index.php?rest_route=\/wp\/v2\/users\/2"}],"replies":[{"embeddable":true,"href":"https:\/\/www.yungayino.cl\/noticias\/index.php?rest_route=%2Fwp%2Fv2%2Fcomments&post=9584"}],"version-history":[{"count":8,"href":"https:\/\/www.yungayino.cl\/noticias\/index.php?rest_route=\/wp\/v2\/posts\/9584\/revisions"}],"predecessor-version":[{"id":9592,"href":"https:\/\/www.yungayino.cl\/noticias\/index.php?rest_route=\/wp\/v2\/posts\/9584\/revisions\/9592"}],"wp:featuredmedia":[{"embeddable":true,"href":"https:\/\/www.yungayino.cl\/noticias\/index.php?rest_route=\/wp\/v2\/media\/16262"}],"wp:attachment":[{"href":"https:\/\/www.yungayino.cl\/noticias\/index.php?rest_route=%2Fwp%2Fv2%2Fmedia&parent=9584"}],"wp:term":[{"taxonomy":"category","embeddable":true,"href":"https:\/\/www.yungayino.cl\/noticias\/index.php?rest_route=%2Fwp%2Fv2%2Fcategories&post=9584"},{"taxonomy":"post_tag","embeddable":true,"href":"https:\/\/www.yungayino.cl\/noticias\/index.php?rest_route=%2Fwp%2Fv2%2Ftags&post=9584"}],"curies":[{"name":"wp","href":"https:\/\/api.w.org\/{rel}","templated":true}]}}