{"id":9593,"date":"2013-07-02T08:00:24","date_gmt":"2013-07-02T12:00:24","guid":{"rendered":"http:\/\/www.yungayino.cl\/noticias\/?p=9593"},"modified":"2013-07-02T12:42:57","modified_gmt":"2013-07-02T16:42:57","slug":"se-instalara-primer-semaforo-en-alto-punto-de-trafico-vehicular-en-la-comuna-de-yungay","status":"publish","type":"post","link":"https:\/\/www.yungayino.cl\/noticias\/?p=9593","title":{"rendered":"Se Instalar\u00e1 Primer Sem\u00e1foro en Alto Punto de Tr\u00e1fico Vehicular en la Comuna de Yungay"},"content":{"rendered":"<p><img loading=\"lazy\" decoding=\"async\" alt=\"YUNGAYINO.CL - El Portal de Yungay\" src=\"http:\/\/www.yungayino.cl\/imagenes\/calleangelesesmeralda.jpg\" width=\"500\" height=\"200\" \/><\/p>\n<p><span style=\"font-size: small; font-family: arial,helvetica,sans-serif;\">Yungay, un gran avance para la comuna se\u00f1alo el alcalde Pedro Inostroza al Portal Yungayino.cl ser\u00e1 la instalaci\u00f3n del primer set de sem\u00e1foro en un alto punto de tr\u00e1fico vehicular de la comuna y que ser\u00e1 implementado en calle \u00c1ngeles y calle Esmeralda. Destacar que ya se realizo la visita a terreno con las empresas interesadas en la instalaci\u00f3n y que adem\u00e1s se cuenta con la asesor\u00eda de la Unidad Operativa de Tr\u00e1nsito de la Regi\u00f3n del Bio-Bio. Se\u00f1alar que la Municipalidad de Yungay se adjudico el proyecto con financiamiento del Ministerio de Transportes y Telecomunicaciones, a trav\u00e9s de la Subsecretar\u00eda de Desarrollo Regional y Administrativo (SUBDERE) y que tiene una inversi\u00f3n de $31.830.000 millones de pesos y solo queda esperar a la empresa que se adjudicara la licitaci\u00f3n para iniciar los trabajos.<\/span><\/p>\n","protected":false},"excerpt":{"rendered":"<p>Yungay, un gran avance para la comuna se\u00f1alo el alcalde Pedro Inostroza al Portal Yungayino.cl ser\u00e1 la instalaci\u00f3n del primer set de sem\u00e1foro en un alto punto de tr\u00e1fico vehicular de la comuna y&#46;&#46;&#46;<\/p>\n","protected":false},"author":2,"featured_media":16263,"comment_status":"open","ping_status":"open","sticky":false,"template":"","format":"standard","meta":{"footnotes":""},"categories":[1],"tags":[711,1115,710,8,6],"class_list":["post-9593","post","type-post","status-publish","format-standard","has-post-thumbnail","hentry","category-noticias","tag-calle-angeles-con-esmeralda","tag-noticias","tag-semaforo","tag-yungay","tag-yungayino"],"_links":{"self":[{"href":"https:\/\/www.yungayino.cl\/noticias\/index.php?rest_route=\/wp\/v2\/posts\/9593","targetHints":{"allow":["GET"]}}],"collection":[{"href":"https:\/\/www.yungayino.cl\/noticias\/index.php?rest_route=\/wp\/v2\/posts"}],"about":[{"href":"https:\/\/www.yungayino.cl\/noticias\/index.php?rest_route=\/wp\/v2\/types\/post"}],"author":[{"embeddable":true,"href":"https:\/\/www.yungayino.cl\/noticias\/index.php?rest_route=\/wp\/v2\/users\/2"}],"replies":[{"embeddable":true,"href":"https:\/\/www.yungayino.cl\/noticias\/index.php?rest_route=%2Fwp%2Fv2%2Fcomments&post=9593"}],"version-history":[{"count":6,"href":"https:\/\/www.yungayino.cl\/noticias\/index.php?rest_route=\/wp\/v2\/posts\/9593\/revisions"}],"predecessor-version":[{"id":9598,"href":"https:\/\/www.yungayino.cl\/noticias\/index.php?rest_route=\/wp\/v2\/posts\/9593\/revisions\/9598"}],"wp:featuredmedia":[{"embeddable":true,"href":"https:\/\/www.yungayino.cl\/noticias\/index.php?rest_route=\/wp\/v2\/media\/16263"}],"wp:attachment":[{"href":"https:\/\/www.yungayino.cl\/noticias\/index.php?rest_route=%2Fwp%2Fv2%2Fmedia&parent=9593"}],"wp:term":[{"taxonomy":"category","embeddable":true,"href":"https:\/\/www.yungayino.cl\/noticias\/index.php?rest_route=%2Fwp%2Fv2%2Fcategories&post=9593"},{"taxonomy":"post_tag","embeddable":true,"href":"https:\/\/www.yungayino.cl\/noticias\/index.php?rest_route=%2Fwp%2Fv2%2Ftags&post=9593"}],"curies":[{"name":"wp","href":"https:\/\/api.w.org\/{rel}","templated":true}]}}