{"id":9616,"date":"2013-07-10T21:00:09","date_gmt":"2013-07-11T01:00:09","guid":{"rendered":"http:\/\/www.yungayino.cl\/noticias\/?p=9616"},"modified":"2013-07-10T21:40:43","modified_gmt":"2013-07-11T01:40:43","slug":"municipalidad-de-tucapel-organiza-primera-fiesta-costumbrista","status":"publish","type":"post","link":"https:\/\/www.yungayino.cl\/noticias\/?p=9616","title":{"rendered":"Municipalidad de Tucapel Organiza Primera Fiesta Costumbrista"},"content":{"rendered":"<p><img loading=\"lazy\" decoding=\"async\" alt=\"YUNGAYINO.CL - El Portal de Yungay\" src=\"http:\/\/www.yungayino.cl\/imagenes\/feriatucapel201307.jpg\" width=\"500\" height=\"200\" \/><\/p>\n<p><span style=\"font-size: small; font-family: arial,helvetica,sans-serif;\">Hu\u00e9pil, con el objetivo de mostrar e incentivar las tradiciones chilenas la Municipalidad de Tucapel organizar\u00e1 la primera<b> \u00a0\u201cFiesta Costumbrista Cordillerana de la Comuna de Tucapel\u201d<\/b>, as\u00ed ser\u00e1 el nombre de la feria de invierno que prepara el Municipio para desarrollarse los d\u00edas s\u00e1bado 3 y domingo 4 de agosto, desde las 11:00 horas, en el Gimnasio Bicentenario de Hu\u00e9pil. Para quienes est\u00e9n interesados en participar de esta feria como artesanos o quieran instalarse con cociner\u00edas deben acercarse a la Oficina de Fomento Productivo o la Oficina Prodesal de la Municipalidad de Tucapel para retirar las bases y llenar la ficha de inscripci\u00f3n. Sobre la realizaci\u00f3n de la Feria, el alcalde, Jos\u00e9 Antonio Fern\u00e1ndez manifest\u00f3 que \u201cla idea del municipio es generar entretenci\u00f3n para los habitantes de la comuna de Tucapel en donde el principal protagonista de las actividades sean las familias, por eso estamos apoyando e impulsando los eventos recreativos que van en directo beneficio para que las personas puedan disfrutar de ambientes sanos de entretenci\u00f3n y esparcimiento\u201d. \u201cInvitamos a quienes est\u00e9n interesados en ser expositores de esta feria, que se acerquen a la Oficina de Fomento Productivo o Prodesal de la Municipalidad de Tucapel o ingresen a la p\u00e1gina <a href=\"http:\/\/www.municipalidadtucapel.cl\/\">www.municipalidadtucapel.cl<\/a> para retirar las bases y la ficha de inscripci\u00f3n\u201d, invit\u00f3 el alcalde, Jos\u00e9 Antonio Fern\u00e1ndez.<\/span><\/p>\n<p>&nbsp;<\/p>\n","protected":false},"excerpt":{"rendered":"<p>Hu\u00e9pil, con el objetivo de mostrar e incentivar las tradiciones chilenas la Municipalidad de Tucapel organizar\u00e1 la primera \u00a0\u201cFiesta Costumbrista Cordillerana de la Comuna de Tucapel\u201d, as\u00ed ser\u00e1 el nombre de la feria de&#46;&#46;&#46;<\/p>\n","protected":false},"author":2,"featured_media":16268,"comment_status":"open","ping_status":"open","sticky":false,"template":"","format":"standard","meta":{"footnotes":""},"categories":[1],"tags":[24,372,1115,104,8,6],"class_list":["post-9616","post","type-post","status-publish","format-standard","has-post-thumbnail","hentry","category-noticias","tag-feria-costumbrista","tag-huepil","tag-noticias","tag-tucapel","tag-yungay","tag-yungayino"],"_links":{"self":[{"href":"https:\/\/www.yungayino.cl\/noticias\/index.php?rest_route=\/wp\/v2\/posts\/9616","targetHints":{"allow":["GET"]}}],"collection":[{"href":"https:\/\/www.yungayino.cl\/noticias\/index.php?rest_route=\/wp\/v2\/posts"}],"about":[{"href":"https:\/\/www.yungayino.cl\/noticias\/index.php?rest_route=\/wp\/v2\/types\/post"}],"author":[{"embeddable":true,"href":"https:\/\/www.yungayino.cl\/noticias\/index.php?rest_route=\/wp\/v2\/users\/2"}],"replies":[{"embeddable":true,"href":"https:\/\/www.yungayino.cl\/noticias\/index.php?rest_route=%2Fwp%2Fv2%2Fcomments&post=9616"}],"version-history":[{"count":4,"href":"https:\/\/www.yungayino.cl\/noticias\/index.php?rest_route=\/wp\/v2\/posts\/9616\/revisions"}],"predecessor-version":[{"id":9620,"href":"https:\/\/www.yungayino.cl\/noticias\/index.php?rest_route=\/wp\/v2\/posts\/9616\/revisions\/9620"}],"wp:featuredmedia":[{"embeddable":true,"href":"https:\/\/www.yungayino.cl\/noticias\/index.php?rest_route=\/wp\/v2\/media\/16268"}],"wp:attachment":[{"href":"https:\/\/www.yungayino.cl\/noticias\/index.php?rest_route=%2Fwp%2Fv2%2Fmedia&parent=9616"}],"wp:term":[{"taxonomy":"category","embeddable":true,"href":"https:\/\/www.yungayino.cl\/noticias\/index.php?rest_route=%2Fwp%2Fv2%2Fcategories&post=9616"},{"taxonomy":"post_tag","embeddable":true,"href":"https:\/\/www.yungayino.cl\/noticias\/index.php?rest_route=%2Fwp%2Fv2%2Ftags&post=9616"}],"curies":[{"name":"wp","href":"https:\/\/api.w.org\/{rel}","templated":true}]}}