{"id":963,"date":"2009-04-28T20:00:56","date_gmt":"2009-04-29T00:00:56","guid":{"rendered":"http:\/\/www.yungayino.cl\/noticias\/?p=963"},"modified":"2009-05-11T21:55:56","modified_gmt":"2009-05-12T01:55:56","slug":"celebracion-dia-del-carabinero-en-yungay","status":"publish","type":"post","link":"https:\/\/www.yungayino.cl\/noticias\/?p=963","title":{"rendered":"Celebraci\u00f3n D\u00eda del Carabinero en Yungay"},"content":{"rendered":"<p><img decoding=\"async\" src=\"http:\/\/www.yungayino.cl\/imagenes\/diacarabinero.jpg\" alt=\"D\u00eda del Carabinero en Yungay\" \/><\/p>\n<p align=\"justify\"><font size=\"2\">Con motivo de la celebraci\u00f3n de un nuevo Aniversario de la Instituci\u00f3n de <a href=\"http:\/\/www.carabineros.cl\">Carabineros<\/a> de Chile se realiz\u00f3 en el Frontis de la Municipalidad el acto en Honor a la Instituci\u00f3n, donde se dieron cita a dicha ceremonia el Alcalde Pedro Inostroza y Se\u00f1ora, Miembros del Concejo Municipal, Funcionarios Departamento de Educaci\u00f3n, Representantes de Establecimientos Educacionales y p\u00fablico en general. En esta ocasi\u00f3n el Alcalde entreg\u00f3 un est\u00edmulo en reconocimiento a los cinco a\u00f1os al servicio de la comuna del Mayor Carlos Aravena Aravena. Para finalizar dicha actividad se procedi\u00f3 al desfile amenizada por la Banda de Guerra de Yungay. <a href=\"http:\/\/www.flickr.com\/photos\/37035610@N03\/tags\/carabinerosyungay\/\">Fotograf\u00edas<\/a><\/font><\/p>\n","protected":false},"excerpt":{"rendered":"<p>Con motivo de la celebraci\u00f3n de un nuevo Aniversario de la Instituci\u00f3n de Carabineros de Chile se realiz\u00f3 en el Frontis de la Municipalidad el acto en Honor a la Instituci\u00f3n, donde se dieron&#46;&#46;&#46;<\/p>\n","protected":false},"author":2,"featured_media":14985,"comment_status":"open","ping_status":"open","sticky":false,"template":"","format":"standard","meta":{"footnotes":""},"categories":[1],"tags":[25,1115,8,6],"class_list":["post-963","post","type-post","status-publish","format-standard","has-post-thumbnail","hentry","category-noticias","tag-carabineros","tag-noticias","tag-yungay","tag-yungayino"],"_links":{"self":[{"href":"https:\/\/www.yungayino.cl\/noticias\/index.php?rest_route=\/wp\/v2\/posts\/963","targetHints":{"allow":["GET"]}}],"collection":[{"href":"https:\/\/www.yungayino.cl\/noticias\/index.php?rest_route=\/wp\/v2\/posts"}],"about":[{"href":"https:\/\/www.yungayino.cl\/noticias\/index.php?rest_route=\/wp\/v2\/types\/post"}],"author":[{"embeddable":true,"href":"https:\/\/www.yungayino.cl\/noticias\/index.php?rest_route=\/wp\/v2\/users\/2"}],"replies":[{"embeddable":true,"href":"https:\/\/www.yungayino.cl\/noticias\/index.php?rest_route=%2Fwp%2Fv2%2Fcomments&post=963"}],"version-history":[{"count":6,"href":"https:\/\/www.yungayino.cl\/noticias\/index.php?rest_route=\/wp\/v2\/posts\/963\/revisions"}],"predecessor-version":[{"id":1060,"href":"https:\/\/www.yungayino.cl\/noticias\/index.php?rest_route=\/wp\/v2\/posts\/963\/revisions\/1060"}],"wp:featuredmedia":[{"embeddable":true,"href":"https:\/\/www.yungayino.cl\/noticias\/index.php?rest_route=\/wp\/v2\/media\/14985"}],"wp:attachment":[{"href":"https:\/\/www.yungayino.cl\/noticias\/index.php?rest_route=%2Fwp%2Fv2%2Fmedia&parent=963"}],"wp:term":[{"taxonomy":"category","embeddable":true,"href":"https:\/\/www.yungayino.cl\/noticias\/index.php?rest_route=%2Fwp%2Fv2%2Fcategories&post=963"},{"taxonomy":"post_tag","embeddable":true,"href":"https:\/\/www.yungayino.cl\/noticias\/index.php?rest_route=%2Fwp%2Fv2%2Ftags&post=963"}],"curies":[{"name":"wp","href":"https:\/\/api.w.org\/{rel}","templated":true}]}}