{"id":9632,"date":"2013-07-15T20:00:33","date_gmt":"2013-07-16T00:00:33","guid":{"rendered":"http:\/\/www.yungayino.cl\/noticias\/?p=9632"},"modified":"2013-07-15T21:42:17","modified_gmt":"2013-07-16T01:42:17","slug":"biblioteca-publica-de-yungay-invita-a-talleres-gratuitos-en-vacaciones-de-invierno","status":"publish","type":"post","link":"https:\/\/www.yungayino.cl\/noticias\/?p=9632","title":{"rendered":"Biblioteca P\u00fablica de Yungay Invita a Talleres Gratuitos en Vacaciones de Invierno"},"content":{"rendered":"<p><img loading=\"lazy\" decoding=\"async\" alt=\"YUNGAYINO.CL - El Portal de Yungay\" src=\"http:\/\/www.yungayino.cl\/imagenes\/biblioteca20130715.jpg\" width=\"500\" height=\"200\" \/><\/p>\n<p><span style=\"font-size: small; font-family: arial,helvetica,sans-serif;\">Yungay, la administraci\u00f3n de la Biblioteca P\u00fablica de nuestra comuna invita a toda la comunidad a participar de talleres gratuitos y a diferentes actividades que ha preparado a partir del d\u00eda 17 hasta el 26 de julio con motivo de las vacaciones de invierno 2013. Todo esto con el fin de combatir el fr\u00edo con lectura, cultura y entretenci\u00f3n, la biblioteca p\u00fablica invita a todos sus usuarios a participar de este divertido panorama que contempla adem\u00e1s cuenta cuentos, cine, juegos y exposiciones, as\u00ed lo se\u00f1alo al Portal\u00a0 Paulina \u00c1vila Pinto administradora de la biblioteca, qui\u00e9n adem\u00e1s manifest\u00f3 que las entradas para el cine deben retirarlas en la propia biblioteca.<\/span><\/p>\n<p><span style=\"font-size: small; font-family: arial,helvetica,sans-serif;\"><a href=\"https:\/\/www.facebook.com\/photo.php?fbid=10201000575610117&amp;set=a.1639266995075.83448.1638807633&amp;type=1&amp;theater\">Fotograf\u00eda<\/a><\/span><\/p>\n","protected":false},"excerpt":{"rendered":"<p>Yungay, la administraci\u00f3n de la Biblioteca P\u00fablica de nuestra comuna invita a toda la comunidad a participar de talleres gratuitos y a diferentes actividades que ha preparado a partir del d\u00eda 17 hasta el&#46;&#46;&#46;<\/p>\n","protected":false},"author":2,"featured_media":16271,"comment_status":"open","ping_status":"open","sticky":false,"template":"","format":"standard","meta":{"footnotes":""},"categories":[1],"tags":[134,1115,716,8,6],"class_list":["post-9632","post","type-post","status-publish","format-standard","has-post-thumbnail","hentry","category-noticias","tag-biblioteca-publica","tag-noticias","tag-vacaciones-invierno","tag-yungay","tag-yungayino"],"_links":{"self":[{"href":"https:\/\/www.yungayino.cl\/noticias\/index.php?rest_route=\/wp\/v2\/posts\/9632","targetHints":{"allow":["GET"]}}],"collection":[{"href":"https:\/\/www.yungayino.cl\/noticias\/index.php?rest_route=\/wp\/v2\/posts"}],"about":[{"href":"https:\/\/www.yungayino.cl\/noticias\/index.php?rest_route=\/wp\/v2\/types\/post"}],"author":[{"embeddable":true,"href":"https:\/\/www.yungayino.cl\/noticias\/index.php?rest_route=\/wp\/v2\/users\/2"}],"replies":[{"embeddable":true,"href":"https:\/\/www.yungayino.cl\/noticias\/index.php?rest_route=%2Fwp%2Fv2%2Fcomments&post=9632"}],"version-history":[{"count":4,"href":"https:\/\/www.yungayino.cl\/noticias\/index.php?rest_route=\/wp\/v2\/posts\/9632\/revisions"}],"predecessor-version":[{"id":9636,"href":"https:\/\/www.yungayino.cl\/noticias\/index.php?rest_route=\/wp\/v2\/posts\/9632\/revisions\/9636"}],"wp:featuredmedia":[{"embeddable":true,"href":"https:\/\/www.yungayino.cl\/noticias\/index.php?rest_route=\/wp\/v2\/media\/16271"}],"wp:attachment":[{"href":"https:\/\/www.yungayino.cl\/noticias\/index.php?rest_route=%2Fwp%2Fv2%2Fmedia&parent=9632"}],"wp:term":[{"taxonomy":"category","embeddable":true,"href":"https:\/\/www.yungayino.cl\/noticias\/index.php?rest_route=%2Fwp%2Fv2%2Fcategories&post=9632"},{"taxonomy":"post_tag","embeddable":true,"href":"https:\/\/www.yungayino.cl\/noticias\/index.php?rest_route=%2Fwp%2Fv2%2Ftags&post=9632"}],"curies":[{"name":"wp","href":"https:\/\/api.w.org\/{rel}","templated":true}]}}