{"id":9752,"date":"2013-08-11T21:49:59","date_gmt":"2013-08-12T01:49:59","guid":{"rendered":"http:\/\/www.yungayino.cl\/noticias\/?p=9752"},"modified":"2013-08-11T21:49:59","modified_gmt":"2013-08-12T01:49:59","slug":"municipio-de-yungay-celebro-a-los-ninos-en-su-dia","status":"publish","type":"post","link":"https:\/\/www.yungayino.cl\/noticias\/?p=9752","title":{"rendered":"Municipio de Yungay Celebr\u00f3 a los Ni\u00f1os en su D\u00eda"},"content":{"rendered":"<p><img loading=\"lazy\" decoding=\"async\" alt=\"YUNGAYINO.CL - El Portal de Yungay\" src=\"http:\/\/www.yungayino.cl\/imagenes\/dianinoyungay2013.jpg\" width=\"500\" height=\"200\" \/><\/p>\n<p><span style=\"font-size: small; font-family: arial,helvetica,sans-serif;\">Yungay, en el gimnasio multiuso de Campanario y Yungay un centenar de\u00a0 peque\u00f1os participaron de la celebraci\u00f3n del <b>\u201cD\u00eda del Ni\u00f1o\u201d<\/b> que organiz\u00f3 la municipalidad a trav\u00e9s del Departamento de Direcci\u00f3n de Desarrollo Comunitario (DIDECO) de la comuna, la que consisti\u00f3 en una jornada de juegos inflables, regalos, golosinas, caras pintadas y show\u00a0 musical. \u201cEstamos muy contentos, porque tuvimos una alta convocatoria, con muchos ni\u00f1os de las diferentes localidades de la comuna que vinieron junto a sus familias y pudieron pasar un lindo d\u00eda juntos\u201d, dijo la directora de DIDECO, Marcia Ortiz al Portal Yungayino.cl. Tambi\u00e9n agradeci\u00f3 la colaboraci\u00f3n de Bomberos, quienes al igual que en celebraciones anteriores realizaron demostraci\u00f3n de rescate y donde los ni\u00f1os fueron participe de esta actividad, adem\u00e1s de la participaci\u00f3n de la Biblioteca\u00a0 P\u00fablica con su rinc\u00f3n infantil encabezado por su mascota <b>\u201cDon Leo\u201d<\/b>. <\/span><\/p>\n<p><span style=\"font-size: small; font-family: arial,helvetica,sans-serif;\"><a href=\"https:\/\/www.facebook.com\/media\/set\/?set=a.687941864554189.1073741909.159561284058919&amp;type=3&amp;uploaded=33\">Fotograf\u00edas<\/a><\/span><\/p>\n","protected":false},"excerpt":{"rendered":"<p>Yungay, en el gimnasio multiuso de Campanario y Yungay un centenar de\u00a0 peque\u00f1os participaron de la celebraci\u00f3n del \u201cD\u00eda del Ni\u00f1o\u201d que organiz\u00f3 la municipalidad a trav\u00e9s del Departamento de Direcci\u00f3n de Desarrollo Comunitario&#46;&#46;&#46;<\/p>\n","protected":false},"author":2,"featured_media":16291,"comment_status":"open","ping_status":"open","sticky":false,"template":"","format":"standard","meta":{"footnotes":""},"categories":[1],"tags":[],"class_list":["post-9752","post","type-post","status-publish","format-standard","has-post-thumbnail","hentry","category-noticias"],"_links":{"self":[{"href":"https:\/\/www.yungayino.cl\/noticias\/index.php?rest_route=\/wp\/v2\/posts\/9752","targetHints":{"allow":["GET"]}}],"collection":[{"href":"https:\/\/www.yungayino.cl\/noticias\/index.php?rest_route=\/wp\/v2\/posts"}],"about":[{"href":"https:\/\/www.yungayino.cl\/noticias\/index.php?rest_route=\/wp\/v2\/types\/post"}],"author":[{"embeddable":true,"href":"https:\/\/www.yungayino.cl\/noticias\/index.php?rest_route=\/wp\/v2\/users\/2"}],"replies":[{"embeddable":true,"href":"https:\/\/www.yungayino.cl\/noticias\/index.php?rest_route=%2Fwp%2Fv2%2Fcomments&post=9752"}],"version-history":[{"count":3,"href":"https:\/\/www.yungayino.cl\/noticias\/index.php?rest_route=\/wp\/v2\/posts\/9752\/revisions"}],"predecessor-version":[{"id":9755,"href":"https:\/\/www.yungayino.cl\/noticias\/index.php?rest_route=\/wp\/v2\/posts\/9752\/revisions\/9755"}],"wp:featuredmedia":[{"embeddable":true,"href":"https:\/\/www.yungayino.cl\/noticias\/index.php?rest_route=\/wp\/v2\/media\/16291"}],"wp:attachment":[{"href":"https:\/\/www.yungayino.cl\/noticias\/index.php?rest_route=%2Fwp%2Fv2%2Fmedia&parent=9752"}],"wp:term":[{"taxonomy":"category","embeddable":true,"href":"https:\/\/www.yungayino.cl\/noticias\/index.php?rest_route=%2Fwp%2Fv2%2Fcategories&post=9752"},{"taxonomy":"post_tag","embeddable":true,"href":"https:\/\/www.yungayino.cl\/noticias\/index.php?rest_route=%2Fwp%2Fv2%2Ftags&post=9752"}],"curies":[{"name":"wp","href":"https:\/\/api.w.org\/{rel}","templated":true}]}}