{"id":9789,"date":"2013-08-14T10:00:44","date_gmt":"2013-08-14T14:00:44","guid":{"rendered":"http:\/\/www.yungayino.cl\/noticias\/?p=9789"},"modified":"2013-08-14T13:17:16","modified_gmt":"2013-08-14T17:17:16","slug":"incendio-consume-vivienda-en-sector-el-roble-de-yungay","status":"publish","type":"post","link":"https:\/\/www.yungayino.cl\/noticias\/?p=9789","title":{"rendered":"Incendio Consume Vivienda en Sector El Roble de Yungay"},"content":{"rendered":"<p><img loading=\"lazy\" decoding=\"async\" alt=\"YUNGAYINO.CL - El Portal de Yungay\" src=\"http:\/\/www.yungayino.cl\/imagenes\/incendiosectorelroble.jpg\" width=\"500\" height=\"200\" \/><\/p>\n<p><span style=\"font-size: small; font-family: arial,helvetica,sans-serif;\">Yungay, un incendio consumi\u00f3 por completo una vivienda este martes 13 de agosto, todo se habr\u00eda iniciado con la llamada a Bomberos por parte de la vecina Priscila Soto informando que se estaba produciendo un incendio en el Sector El Roble a las 22:35 horas, concurriendo de forma inmediata Bomberos de Yungay y Campanario. Sin embargo a pesar de los esfuerzo de los vecinos y Bomberos la vivienda fue consumida por completo afectando al vecino Miguel \u00c1ngel Salinas Altamirano, qui\u00e9n ya se encuentra recibiendo ayuda por parte del municipio de acuerdo a lo se\u00f1alado por Marcia Ortiz, Directora de Desarrollo Comunitario. Por su parte Personal de Carabineros \u201cLabocar\u201d es qui\u00e9n determinar\u00e1 las causas del incendio. Finalmente destacar que a las 01:32 horas de esta madrugada tambi\u00e9n se produjo otro incendio en el Sector Fundo Centinela de propiedad de Carabineros, afectando las instalaciones de un casino y que de acuerdo a las primeras informaciones dentro de las causas se baraja un problema el\u00e9ctrico.<\/span><\/p>\n<p><span style=\"font-size: small; font-family: arial,helvetica,sans-serif;\"><a href=\"https:\/\/www.facebook.com\/media\/set\/?set=a.689335627748146.1073741916.159561284058919&amp;type=3&amp;uploaded=7\">Fotograf\u00edas<\/a><\/span><\/p>\n","protected":false},"excerpt":{"rendered":"<p>Yungay, un incendio consumi\u00f3 por completo una vivienda este martes 13 de agosto, todo se habr\u00eda iniciado con la llamada a Bomberos por parte de la vecina Priscila Soto informando que se estaba produciendo&#46;&#46;&#46;<\/p>\n","protected":false},"author":2,"featured_media":16298,"comment_status":"open","ping_status":"open","sticky":false,"template":"","format":"standard","meta":{"footnotes":""},"categories":[1],"tags":[730,1115,731,8,6],"class_list":["post-9789","post","type-post","status-publish","format-standard","has-post-thumbnail","hentry","category-noticias","tag-indencio","tag-noticias","tag-sector-el-roble","tag-yungay","tag-yungayino"],"_links":{"self":[{"href":"https:\/\/www.yungayino.cl\/noticias\/index.php?rest_route=\/wp\/v2\/posts\/9789","targetHints":{"allow":["GET"]}}],"collection":[{"href":"https:\/\/www.yungayino.cl\/noticias\/index.php?rest_route=\/wp\/v2\/posts"}],"about":[{"href":"https:\/\/www.yungayino.cl\/noticias\/index.php?rest_route=\/wp\/v2\/types\/post"}],"author":[{"embeddable":true,"href":"https:\/\/www.yungayino.cl\/noticias\/index.php?rest_route=\/wp\/v2\/users\/2"}],"replies":[{"embeddable":true,"href":"https:\/\/www.yungayino.cl\/noticias\/index.php?rest_route=%2Fwp%2Fv2%2Fcomments&post=9789"}],"version-history":[{"count":4,"href":"https:\/\/www.yungayino.cl\/noticias\/index.php?rest_route=\/wp\/v2\/posts\/9789\/revisions"}],"predecessor-version":[{"id":9793,"href":"https:\/\/www.yungayino.cl\/noticias\/index.php?rest_route=\/wp\/v2\/posts\/9789\/revisions\/9793"}],"wp:featuredmedia":[{"embeddable":true,"href":"https:\/\/www.yungayino.cl\/noticias\/index.php?rest_route=\/wp\/v2\/media\/16298"}],"wp:attachment":[{"href":"https:\/\/www.yungayino.cl\/noticias\/index.php?rest_route=%2Fwp%2Fv2%2Fmedia&parent=9789"}],"wp:term":[{"taxonomy":"category","embeddable":true,"href":"https:\/\/www.yungayino.cl\/noticias\/index.php?rest_route=%2Fwp%2Fv2%2Fcategories&post=9789"},{"taxonomy":"post_tag","embeddable":true,"href":"https:\/\/www.yungayino.cl\/noticias\/index.php?rest_route=%2Fwp%2Fv2%2Ftags&post=9789"}],"curies":[{"name":"wp","href":"https:\/\/api.w.org\/{rel}","templated":true}]}}