{"id":9799,"date":"2013-08-15T15:00:02","date_gmt":"2013-08-15T19:00:02","guid":{"rendered":"http:\/\/www.yungayino.cl\/noticias\/?p=9799"},"modified":"2013-08-15T22:34:34","modified_gmt":"2013-08-16T02:34:34","slug":"yungay-es-sede-del-primer-encuentro-nacional-ministerio-carcelario","status":"publish","type":"post","link":"https:\/\/www.yungayino.cl\/noticias\/?p=9799","title":{"rendered":"Yungay es Sede del Primer Encuentro Nacional Ministerio Carcelario"},"content":{"rendered":"<p><img loading=\"lazy\" decoding=\"async\" alt=\"YUNGAYINO.CL - El Portal de Yungay\" src=\"http:\/\/www.yungayino.cl\/imagenes\/iglesiaevangelica.jpg\" width=\"500\" height=\"200\" \/><\/p>\n<p><span style=\"font-size: small; font-family: arial,helvetica,sans-serif;\">Yungay, jueves 15 de agosto\u00a0 se dio inicio al <b>1\u00b0 Encuentro Nacional Ministerio Carcelario<\/b> en nuestra comuna, el cual se prolongar\u00e1 hasta el domingo 18 de agosto y que reunir\u00e1 delegaciones de Arica a Punta Arenas, as\u00ed lo se\u00f1alo al Portal Yungayino.cl el Pastor de la Iglesia Pentecostal, Bernardo Leal y Capell\u00e1n del CDP de Yungay, qui\u00e9n durante la jornada de hoy recibi\u00f3 dando los saludos y las bendiciones a las distintas delegaciones para luego invitarlas a compartir un almuerzo de bienvenida. Finalmente se\u00f1alar que el evento es abierto a todo el p\u00fablico que quiera participar a partir de las 19:00 horas en el Templo Pentecostal ubicado en Calle \u00c1ngeles N\u00b0 584.<\/span><\/p>\n<p><span style=\"font-size: small; font-family: arial,helvetica,sans-serif;\"><b><span style=\"text-decoration: underline;\">Programa viernes 16 de agosto <\/span><\/b><\/span><\/p>\n<p><span style=\"font-size: small; font-family: arial,helvetica,sans-serif;\">08:00 hrs. Oraci\u00f3n General<\/span><\/p>\n<p><span style=\"font-size: small; font-family: arial,helvetica,sans-serif;\">09:00 hrs. Desayuno<\/span><\/p>\n<p><span style=\"font-size: small; font-family: arial,helvetica,sans-serif;\">10:00 hrs. Visita Carcelaria<\/span><\/p>\n<p><span style=\"font-size: small; font-family: arial,helvetica,sans-serif;\">11:00 hrs. Reuni\u00f3n de Informes<\/span><\/p>\n<p><span style=\"font-size: small; font-family: arial,helvetica,sans-serif;\">13:00 hrs. Almuerzo<\/span><\/p>\n<p><span style=\"font-size: small; font-family: arial,helvetica,sans-serif;\">15:00 hrs. Visita Carcelaria<\/span><\/p>\n<p><span style=\"font-size: small; font-family: arial,helvetica,sans-serif;\">16:00 hrs. Reuni\u00f3n de Informes<\/span><\/p>\n<p><span style=\"font-size: small; font-family: arial,helvetica,sans-serif;\">17:30 hrs. Once y comida<\/span><\/p>\n<p><span style=\"font-size: small; font-family: arial,helvetica,sans-serif;\">18:30 hrs. Predicaci\u00f3n General al aire libre<\/span><\/p>\n<p><span style=\"font-size: small; font-family: arial,helvetica,sans-serif;\">19:30 hrs. Reuni\u00f3n General en Templo<\/span><\/p>\n<p><span style=\"font-size: small; font-family: arial,helvetica,sans-serif;\">\u00a0<\/span><\/p>\n<p><span style=\"font-size: small; font-family: arial,helvetica,sans-serif;\"><b><span style=\"text-decoration: underline;\">Programa s\u00e1bado 17de agosto <\/span><\/b><\/span><\/p>\n<p><span style=\"font-size: small; font-family: arial,helvetica,sans-serif;\">08:00 hrs. Salida al Alto B\u00edob\u00edo<\/span><\/p>\n<p><span style=\"font-size: small; font-family: arial,helvetica,sans-serif;\">09:00 hrs. Visita a Hermanos Pehuenches<\/span><\/p>\n<p><span style=\"font-size: small; font-family: arial,helvetica,sans-serif;\">14:00 hrs. Almuerzo<\/span><\/p>\n<p><span style=\"font-size: small; font-family: arial,helvetica,sans-serif;\">16:00 hrs. Tema<\/span><\/p>\n<p><span style=\"font-size: small; font-family: arial,helvetica,sans-serif;\">17:30 hrs. Once y comida<\/span><\/p>\n<p><span style=\"font-size: small; font-family: arial,helvetica,sans-serif;\">19:30 hrs. Reuni\u00f3n General en Templo<\/span><\/p>\n<p><span style=\"font-size: small; font-family: arial,helvetica,sans-serif;\">\u00a0<\/span><\/p>\n<p><span style=\"font-size: small; font-family: arial,helvetica,sans-serif;\"><b><span style=\"text-decoration: underline;\">Programa domingo 18 de agosto <\/span><\/b><\/span><\/p>\n<p><span style=\"font-size: small; font-family: arial,helvetica,sans-serif;\">08:00 hrs. Oraci\u00f3n General<\/span><\/p>\n<p><span style=\"font-size: small; font-family: arial,helvetica,sans-serif;\">09:00 hrs. Desayuno<\/span><\/p>\n<p><span style=\"font-size: small; font-family: arial,helvetica,sans-serif;\">10:00 hrs. Escuela Dominical en el Templo<\/span><\/p>\n<p><span style=\"font-size: small; font-family: arial,helvetica,sans-serif;\">13:00 hrs. Almuerzo<\/span><\/p>\n<p><span style=\"font-size: small; font-family: arial,helvetica,sans-serif;\">15:00 hrs. Desfile<\/span><\/p>\n<p><span style=\"font-size: small; font-family: arial,helvetica,sans-serif;\">16:30 hrs. Once y comida<\/span><\/p>\n<p><span style=\"font-size: small; font-family: arial,helvetica,sans-serif;\">17:30 hrs. Reuni\u00f3n de clausura<\/span><\/p>\n<p><a href=\"https:\/\/www.facebook.com\/media\/set\/?set=a.689916671023375.1073741918.159561284058919&amp;type=3&amp;uploaded=45\"><span style=\"font-size: small; font-family: arial,helvetica,sans-serif;\">Fotograf\u00edas<\/span><\/a><\/p>\n<p>&nbsp;<\/p>\n","protected":false},"excerpt":{"rendered":"<p>Yungay, jueves 15 de agosto\u00a0 se dio inicio al 1\u00b0 Encuentro Nacional Ministerio Carcelario en nuestra comuna, el cual se prolongar\u00e1 hasta el domingo 18 de agosto y que reunir\u00e1 delegaciones de Arica a&#46;&#46;&#46;<\/p>\n","protected":false},"author":2,"featured_media":16300,"comment_status":"open","ping_status":"open","sticky":false,"template":"","format":"standard","meta":{"footnotes":""},"categories":[1],"tags":[732,1115,8,6],"class_list":["post-9799","post","type-post","status-publish","format-standard","has-post-thumbnail","hentry","category-noticias","tag-iglesias-evangelicas","tag-noticias","tag-yungay","tag-yungayino"],"_links":{"self":[{"href":"https:\/\/www.yungayino.cl\/noticias\/index.php?rest_route=\/wp\/v2\/posts\/9799","targetHints":{"allow":["GET"]}}],"collection":[{"href":"https:\/\/www.yungayino.cl\/noticias\/index.php?rest_route=\/wp\/v2\/posts"}],"about":[{"href":"https:\/\/www.yungayino.cl\/noticias\/index.php?rest_route=\/wp\/v2\/types\/post"}],"author":[{"embeddable":true,"href":"https:\/\/www.yungayino.cl\/noticias\/index.php?rest_route=\/wp\/v2\/users\/2"}],"replies":[{"embeddable":true,"href":"https:\/\/www.yungayino.cl\/noticias\/index.php?rest_route=%2Fwp%2Fv2%2Fcomments&post=9799"}],"version-history":[{"count":5,"href":"https:\/\/www.yungayino.cl\/noticias\/index.php?rest_route=\/wp\/v2\/posts\/9799\/revisions"}],"predecessor-version":[{"id":9803,"href":"https:\/\/www.yungayino.cl\/noticias\/index.php?rest_route=\/wp\/v2\/posts\/9799\/revisions\/9803"}],"wp:featuredmedia":[{"embeddable":true,"href":"https:\/\/www.yungayino.cl\/noticias\/index.php?rest_route=\/wp\/v2\/media\/16300"}],"wp:attachment":[{"href":"https:\/\/www.yungayino.cl\/noticias\/index.php?rest_route=%2Fwp%2Fv2%2Fmedia&parent=9799"}],"wp:term":[{"taxonomy":"category","embeddable":true,"href":"https:\/\/www.yungayino.cl\/noticias\/index.php?rest_route=%2Fwp%2Fv2%2Fcategories&post=9799"},{"taxonomy":"post_tag","embeddable":true,"href":"https:\/\/www.yungayino.cl\/noticias\/index.php?rest_route=%2Fwp%2Fv2%2Ftags&post=9799"}],"curies":[{"name":"wp","href":"https:\/\/api.w.org\/{rel}","templated":true}]}}