{"id":9805,"date":"2013-08-16T12:00:02","date_gmt":"2013-08-16T16:00:02","guid":{"rendered":"http:\/\/www.yungayino.cl\/noticias\/?p=9805"},"modified":"2013-08-16T15:04:20","modified_gmt":"2013-08-16T19:04:20","slug":"vecino-de-yungay-cumplio-103-anos-de-vida","status":"publish","type":"post","link":"https:\/\/www.yungayino.cl\/noticias\/?p=9805","title":{"rendered":"Vecino de Yungay Cumpli\u00f3 103 A\u00f1os de Vida"},"content":{"rendered":"<p><img decoding=\"async\" alt=\"YUNGAYINO.CL - El Portal de Yungay\" src=\"http:\/\/www.yungayino.cl\/imagenes\/nicanor103anos.jpg\" \/><\/p>\n<p><span style=\"font-size: small; font-family: arial,helvetica,sans-serif;\">Yungay, viernes 16 de agosto mucha gente desear\u00eda vivir las d\u00e9cadas del vecino yungayino Nicanor Godoy Vargas, qui\u00e9n celebra el d\u00eda de hoy 103 a\u00f1os de existencia, naci\u00f3 el 16 de agosto de 1910 en el Sector de Chillancito y en la actualidad tiene su domicilio en calle \u00c1ngeles N \u00ba 857. El Equipo del Portal Yungayino.cl al igual que a\u00f1os anteriores visito a don Nicanor para saludarlo y celebrar junto a \u00e9l su cumplea\u00f1os, adem\u00e1s de llevar algunos regalos. Por su parte don Nicanor nos cont\u00f3 que tuvo 14 hermanos, de los cu\u00e1les es el \u00fanico con vida, que es viudo hace 24 a\u00f1os y que tuvo 6 hijos de los cu\u00e1les vive solo su hija Sunilda Godoy Rubilar de 70 a\u00f1os y qui\u00e9n es la que est\u00e1 al cuidado de \u00e9l, adem\u00e1s tiene 6 nietos, 1 biznieto y 1 tataranieto. Mencionar que tambi\u00e9n se hizo presente el alcalde Pedro Inostroza junto a Marcia Ortiz de departamento de Dideco, que tambi\u00e9n se hicieron parte de esta celebraci\u00f3n adem\u00e1s de entregar algunos obsequios y poder colaborar con algunas necesidades de don Nicanor. Finalmente se\u00f1alar que parte del Equipo de VTV Televisi\u00f3n y Radio La Voz de Yungay tambi\u00e9n se hicieron presentes en esta emotiva celebraci\u00f3n.<\/span><\/p>\n<p><span style=\"font-size: small; font-family: arial,helvetica,sans-serif;\"><a href=\"https:\/\/www.facebook.com\/media\/set\/?set=a.690413937640315.1073741919.159561284058919&amp;type=3&amp;uploaded=21\">Fotograf\u00edas<\/a><\/span><\/p>\n","protected":false},"excerpt":{"rendered":"<p>Yungay, viernes 16 de agosto mucha gente desear\u00eda vivir las d\u00e9cadas del vecino yungayino Nicanor Godoy Vargas, qui\u00e9n celebra el d\u00eda de hoy 103 a\u00f1os de existencia, naci\u00f3 el 16 de agosto de 1910&#46;&#46;&#46;<\/p>\n","protected":false},"author":2,"featured_media":16301,"comment_status":"open","ping_status":"open","sticky":false,"template":"","format":"standard","meta":{"footnotes":""},"categories":[1],"tags":[734,733,1115,8,6],"class_list":["post-9805","post","type-post","status-publish","format-standard","has-post-thumbnail","hentry","category-noticias","tag-103-anos","tag-nicanos-godoy","tag-noticias","tag-yungay","tag-yungayino"],"_links":{"self":[{"href":"https:\/\/www.yungayino.cl\/noticias\/index.php?rest_route=\/wp\/v2\/posts\/9805","targetHints":{"allow":["GET"]}}],"collection":[{"href":"https:\/\/www.yungayino.cl\/noticias\/index.php?rest_route=\/wp\/v2\/posts"}],"about":[{"href":"https:\/\/www.yungayino.cl\/noticias\/index.php?rest_route=\/wp\/v2\/types\/post"}],"author":[{"embeddable":true,"href":"https:\/\/www.yungayino.cl\/noticias\/index.php?rest_route=\/wp\/v2\/users\/2"}],"replies":[{"embeddable":true,"href":"https:\/\/www.yungayino.cl\/noticias\/index.php?rest_route=%2Fwp%2Fv2%2Fcomments&post=9805"}],"version-history":[{"count":5,"href":"https:\/\/www.yungayino.cl\/noticias\/index.php?rest_route=\/wp\/v2\/posts\/9805\/revisions"}],"predecessor-version":[{"id":9810,"href":"https:\/\/www.yungayino.cl\/noticias\/index.php?rest_route=\/wp\/v2\/posts\/9805\/revisions\/9810"}],"wp:featuredmedia":[{"embeddable":true,"href":"https:\/\/www.yungayino.cl\/noticias\/index.php?rest_route=\/wp\/v2\/media\/16301"}],"wp:attachment":[{"href":"https:\/\/www.yungayino.cl\/noticias\/index.php?rest_route=%2Fwp%2Fv2%2Fmedia&parent=9805"}],"wp:term":[{"taxonomy":"category","embeddable":true,"href":"https:\/\/www.yungayino.cl\/noticias\/index.php?rest_route=%2Fwp%2Fv2%2Fcategories&post=9805"},{"taxonomy":"post_tag","embeddable":true,"href":"https:\/\/www.yungayino.cl\/noticias\/index.php?rest_route=%2Fwp%2Fv2%2Ftags&post=9805"}],"curies":[{"name":"wp","href":"https:\/\/api.w.org\/{rel}","templated":true}]}}