{"id":9811,"date":"2013-08-16T23:00:56","date_gmt":"2013-08-17T03:00:56","guid":{"rendered":"http:\/\/www.yungayino.cl\/noticias\/?p=9811"},"modified":"2013-08-17T12:55:20","modified_gmt":"2013-08-17T16:55:20","slug":"en-yungay-se-realizo-ceremonia-de-ascenso-a-funcionarios-de-gendarmeria","status":"publish","type":"post","link":"https:\/\/www.yungayino.cl\/noticias\/?p=9811","title":{"rendered":"En Yungay se Realizo Ceremonia de Ascenso a Funcionarios de Gendarmer\u00eda"},"content":{"rendered":"<p><img loading=\"lazy\" decoding=\"async\" alt=\"YUNGAYINO.CL - El Portal de Yungay\" src=\"http:\/\/www.yungayino.cl\/imagenes\/ascensogendarmes201308.jpg\" width=\"500\" height=\"200\" \/><\/p>\n<p><span style=\"font-size: small; font-family: arial,helvetica,sans-serif;\">Yungay, en una emotiva ceremonia realizada en las dependencias de la Biblioteca P\u00fablica este mi\u00e9rcoles 14 de agosto fueron ascendidos de grado, funcionarios pertenecientes al Centro Detenci\u00f3n Preventiva de Yungay (C.D.P.) La jornada fue encabezada por el Capit\u00e1n Eugenio Alvial, familiares, invitados \u00a0especiales y autoridades locales. Los ascensos se enmarcan a lo dispuesto en el titulo IV, de los ascensos, del D.F.L N\u00b01.791 de 1979, estatuto del Personal de Gendarmer\u00eda de Chile, contenido en los art\u00edculos 22 y siguientes, la Ley N\u00b0 19.851 de 2003. En la simb\u00f3lica ceremonia de ascenso, el Capell\u00e1n de Gendarmer\u00eda, Pastor Evang\u00e9lico Sr. Bernardo Leal Perez realiz\u00f3 la tradicional bendici\u00f3n de los grados de los funcionarios ascendidos y tambi\u00e9n en la ocasi\u00f3n se le hizo entrega de un reconocimiento por su destacado apoyo de la gesti\u00f3n penitenciaria en la reinserci\u00f3n social y espiritual de los internos. Los funcionarios ascendidos fueron la Gendarme 1\u00b0 Rosa Pardo asciende a Grado de Cabo, Cabos Pablo Gonz\u00e1les y Alex Claver\u00eda ascendidos al Grado de Cabo 2\u00b0, los Cabos 2\u00b0 Yerli Riffo, Diego Molina, Rolando M\u00e1rquez y Jos\u00e9 Flores ascendidos al Grado de Cabo1\u00b0, los Sargentos 2\u00b0 Hector Polanco y Juan Poblete ascendidos al Grado de Sargento 1\u00b0 y los Sargentos 1\u00b0 Nelson San Mart\u00edn y Juan Riquelme ascendidos al Grado de Suboficial. En la oportunidad, el Alcaide de la Unidad, Capit\u00e1n Eugenio Alvial \u00a0pronuncio un emotivo discurso para su personal \u00a0y felicit\u00f3 a todos los funcionarios que tuvieron su anhelado ascenso, como tambi\u00e9n a sus familiares que los acompa\u00f1aron en este momento tan especial. Finalmente, los asistentes compartieron\u00a0un coctel de camarader\u00eda.<\/span><\/p>\n<p><a href=\"https:\/\/www.facebook.com\/media\/set\/?set=a.690860690928973.1073741920.159561284058919&amp;type=3\"><span style=\"font-size: small; font-family: arial,helvetica,sans-serif;\">Fotograf\u00edas<\/span><\/a><\/p>\n","protected":false},"excerpt":{"rendered":"<p>Yungay, en una emotiva ceremonia realizada en las dependencias de la Biblioteca P\u00fablica este mi\u00e9rcoles 14 de agosto fueron ascendidos de grado, funcionarios pertenecientes al Centro Detenci\u00f3n Preventiva de Yungay (C.D.P.) La jornada fue&#46;&#46;&#46;<\/p>\n","protected":false},"author":2,"featured_media":16302,"comment_status":"open","ping_status":"open","sticky":false,"template":"","format":"standard","meta":{"footnotes":""},"categories":[1],"tags":[735,361,1115,8,6],"class_list":["post-9811","post","type-post","status-publish","format-standard","has-post-thumbnail","hentry","category-noticias","tag-ascenso-gendarmeria","tag-gendarmeria","tag-noticias","tag-yungay","tag-yungayino"],"_links":{"self":[{"href":"https:\/\/www.yungayino.cl\/noticias\/index.php?rest_route=\/wp\/v2\/posts\/9811","targetHints":{"allow":["GET"]}}],"collection":[{"href":"https:\/\/www.yungayino.cl\/noticias\/index.php?rest_route=\/wp\/v2\/posts"}],"about":[{"href":"https:\/\/www.yungayino.cl\/noticias\/index.php?rest_route=\/wp\/v2\/types\/post"}],"author":[{"embeddable":true,"href":"https:\/\/www.yungayino.cl\/noticias\/index.php?rest_route=\/wp\/v2\/users\/2"}],"replies":[{"embeddable":true,"href":"https:\/\/www.yungayino.cl\/noticias\/index.php?rest_route=%2Fwp%2Fv2%2Fcomments&post=9811"}],"version-history":[{"count":4,"href":"https:\/\/www.yungayino.cl\/noticias\/index.php?rest_route=\/wp\/v2\/posts\/9811\/revisions"}],"predecessor-version":[{"id":9815,"href":"https:\/\/www.yungayino.cl\/noticias\/index.php?rest_route=\/wp\/v2\/posts\/9811\/revisions\/9815"}],"wp:featuredmedia":[{"embeddable":true,"href":"https:\/\/www.yungayino.cl\/noticias\/index.php?rest_route=\/wp\/v2\/media\/16302"}],"wp:attachment":[{"href":"https:\/\/www.yungayino.cl\/noticias\/index.php?rest_route=%2Fwp%2Fv2%2Fmedia&parent=9811"}],"wp:term":[{"taxonomy":"category","embeddable":true,"href":"https:\/\/www.yungayino.cl\/noticias\/index.php?rest_route=%2Fwp%2Fv2%2Fcategories&post=9811"},{"taxonomy":"post_tag","embeddable":true,"href":"https:\/\/www.yungayino.cl\/noticias\/index.php?rest_route=%2Fwp%2Fv2%2Ftags&post=9811"}],"curies":[{"name":"wp","href":"https:\/\/api.w.org\/{rel}","templated":true}]}}