{"id":9836,"date":"2013-08-20T13:00:21","date_gmt":"2013-08-20T17:00:21","guid":{"rendered":"http:\/\/www.yungayino.cl\/noticias\/?p=9836"},"modified":"2013-08-20T13:47:06","modified_gmt":"2013-08-20T17:47:06","slug":"comunidad-catolica-yungayina-participo-de-misa-de-la-solidaridad","status":"publish","type":"post","link":"https:\/\/www.yungayino.cl\/noticias\/?p=9836","title":{"rendered":"Comunidad Cat\u00f3lica Yungayina Participo de Misa de la Solidaridad"},"content":{"rendered":"<p><img loading=\"lazy\" decoding=\"async\" alt=\"YUNGAYINO.CL - El Portal de Yungay\" src=\"http:\/\/www.yungayino.cl\/imagenes\/misasolidaridad201308.jpg\" width=\"500\" height=\"200\" \/><\/p>\n<p><span style=\"font-size: small; font-family: arial,helvetica,sans-serif;\">Yungay, la comunidad cat\u00f3lica celebr\u00f3 el pasado domingo18 de agosto el mes de la solidaridad en la Parroquia San Miguel, con una misa encabezada por el Sacerdote Nelson Jara, qui\u00e9n record\u00f3 a los feligreses la importancia de ser solidarios con nuestro pr\u00f3jimo todos los d\u00edas del a\u00f1o y seguir el ejemplo del Padre Alberto Hurtado, qui\u00e9n falleciera un 18 de agosto y fuera el fundador del Hogar de Cristo y uno de los l\u00edderes cat\u00f3licos m\u00e1s reconocidos en el \u00e1mbito de la solidaridad y por su aporte a la creaci\u00f3n de los sindicatos de trabajadores. Se\u00f1alar que a la misa se hicieron presentes el alcalde Pedro Inostroza, el Honorable Consejo Municipal, autoridades y tambi\u00e9n se cont\u00f3 con la participaci\u00f3n especial del Grupo Folcl\u00f3rico \u201cCantares de Yungay\u201d, quienes al finalizar la misa invitaron a los presentes a compartir de una presentaci\u00f3n en el Ode\u00f3n de la Plaza Iquique junto al Grupo \u201cAmor Joven\u201d.<\/span><\/p>\n<p><span style=\"font-size: small; font-family: arial,helvetica,sans-serif;\"><a href=\"https:\/\/www.facebook.com\/media\/set\/?set=a.692435760771466.1073741924.159561284058919&amp;type=3&amp;uploaded=47\">Fotograf\u00edas<\/a><\/span><\/p>\n","protected":false},"excerpt":{"rendered":"<p>Yungay, la comunidad cat\u00f3lica celebr\u00f3 el pasado domingo18 de agosto el mes de la solidaridad en la Parroquia San Miguel, con una misa encabezada por el Sacerdote Nelson Jara, qui\u00e9n record\u00f3 a los feligreses&#46;&#46;&#46;<\/p>\n","protected":false},"author":2,"featured_media":16307,"comment_status":"open","ping_status":"open","sticky":false,"template":"","format":"standard","meta":{"footnotes":""},"categories":[14],"tags":[473,60,738,1115,8,6],"class_list":["post-9836","post","type-post","status-publish","format-standard","has-post-thumbnail","hentry","category-historia","tag-agrupacion-folclorica-cantares-de-yungay","tag-cantares-de-yungay","tag-misa-solidaridad","tag-noticias","tag-yungay","tag-yungayino"],"_links":{"self":[{"href":"https:\/\/www.yungayino.cl\/noticias\/index.php?rest_route=\/wp\/v2\/posts\/9836","targetHints":{"allow":["GET"]}}],"collection":[{"href":"https:\/\/www.yungayino.cl\/noticias\/index.php?rest_route=\/wp\/v2\/posts"}],"about":[{"href":"https:\/\/www.yungayino.cl\/noticias\/index.php?rest_route=\/wp\/v2\/types\/post"}],"author":[{"embeddable":true,"href":"https:\/\/www.yungayino.cl\/noticias\/index.php?rest_route=\/wp\/v2\/users\/2"}],"replies":[{"embeddable":true,"href":"https:\/\/www.yungayino.cl\/noticias\/index.php?rest_route=%2Fwp%2Fv2%2Fcomments&post=9836"}],"version-history":[{"count":4,"href":"https:\/\/www.yungayino.cl\/noticias\/index.php?rest_route=\/wp\/v2\/posts\/9836\/revisions"}],"predecessor-version":[{"id":9840,"href":"https:\/\/www.yungayino.cl\/noticias\/index.php?rest_route=\/wp\/v2\/posts\/9836\/revisions\/9840"}],"wp:featuredmedia":[{"embeddable":true,"href":"https:\/\/www.yungayino.cl\/noticias\/index.php?rest_route=\/wp\/v2\/media\/16307"}],"wp:attachment":[{"href":"https:\/\/www.yungayino.cl\/noticias\/index.php?rest_route=%2Fwp%2Fv2%2Fmedia&parent=9836"}],"wp:term":[{"taxonomy":"category","embeddable":true,"href":"https:\/\/www.yungayino.cl\/noticias\/index.php?rest_route=%2Fwp%2Fv2%2Fcategories&post=9836"},{"taxonomy":"post_tag","embeddable":true,"href":"https:\/\/www.yungayino.cl\/noticias\/index.php?rest_route=%2Fwp%2Fv2%2Ftags&post=9836"}],"curies":[{"name":"wp","href":"https:\/\/api.w.org\/{rel}","templated":true}]}}