{"id":9891,"date":"2013-09-01T21:00:33","date_gmt":"2013-09-02T01:00:33","guid":{"rendered":"http:\/\/www.yungayino.cl\/noticias\/?p=9891"},"modified":"2013-09-02T16:36:15","modified_gmt":"2013-09-02T20:36:15","slug":"adultos-mayores-yungayinos-despertando-a-la-vida-participaron-en-mateada-popular-realizada-en-comuna-de-cobquecura","status":"publish","type":"post","link":"https:\/\/www.yungayino.cl\/noticias\/?p=9891","title":{"rendered":"Adultos Mayores Yungayinos \u201cDespertando a la Vida\u201d Participaron en Mateada Popular Realizada en Comuna De Cobquecura"},"content":{"rendered":"<p><img decoding=\"async\" alt=\"YUNGAYINO.CL  - El Portal de Yungay\" src=\"http:\/\/www.yungayino.cl\/imagenes\/cobquecura201308.jpg\" \/><\/p>\n<p><span style=\"font-size: small;\">Yungay, los Adultos Mayores que integran el grupo \u201cDespertando a la Vida\u201d \u00a0de nuestra comuna participaron con gran \u00e9xito en \u201cMateada Popular 2013\u201d realizada en la Comuna de Cobquecura, el pasado s\u00e1bado 31 de agosto. El grupo de gimnasia yungayino integrado por adultos mayores de distintos clubes de nuestra comuna, junto a su profesora Jacqueline Segura realizaron una hermosa y llamativa presentaci\u00f3n, la cu\u00e1l fue muy aplaudida y felicitada por los diferentes grupos de adultos mayores de la comuna de Cobquecura. Se\u00f1alar que la actividad fue organizada por el Departamento de Dideco, liderada por Juanita Caro y donde adem\u00e1s se cont\u00f3 con la asistencia del alcalde Osvaldo Caro qui\u00e9n destaco la presentaci\u00f3n del grupo yungayino. Tambi\u00e9n en \u00a0la jornada se realizaron concursos de la tortilla m\u00e1s grande, el mate m\u00e1s novedoso y competencia de baile, todo esto acompa\u00f1ado de un show folcl\u00f3rico. Finalmente nuestros adultos mayores manifestaron al Portal Yungayino.cl sus agradecimientos al Municipio Yungayino por el apoyo para realizar el viaje que les permiti\u00f3 conocer esta bonita comuna costera de nuestra regi\u00f3n.<\/span><\/p>\n<p><a title=\"Adultos Mayores Yungayinos \u201cDespertando a la Vida\u201d Participaron en Mateada Popular Realizada en Comuna De Cobquecura\" href=\"https:\/\/www.facebook.com\/media\/set\/?set=a.699014223446953.1073741930.159561284058919&amp;type=3&amp;uploaded=74\"><span style=\"font-size: small;\">Fotograf\u00edas<\/span><\/a><\/p>\n","protected":false},"excerpt":{"rendered":"<p>Yungay, los Adultos Mayores que integran el grupo \u201cDespertando a la Vida\u201d \u00a0de nuestra comuna participaron con gran \u00e9xito en \u201cMateada Popular 2013\u201d realizada en la Comuna de Cobquecura, el pasado s\u00e1bado 31 de&#46;&#46;&#46;<\/p>\n","protected":false},"author":2,"featured_media":16316,"comment_status":"open","ping_status":"open","sticky":false,"template":"","format":"standard","meta":{"footnotes":""},"categories":[1],"tags":[265,1115,8,6],"class_list":["post-9891","post","type-post","status-publish","format-standard","has-post-thumbnail","hentry","category-noticias","tag-despertando-a-la-vida","tag-noticias","tag-yungay","tag-yungayino"],"_links":{"self":[{"href":"https:\/\/www.yungayino.cl\/noticias\/index.php?rest_route=\/wp\/v2\/posts\/9891","targetHints":{"allow":["GET"]}}],"collection":[{"href":"https:\/\/www.yungayino.cl\/noticias\/index.php?rest_route=\/wp\/v2\/posts"}],"about":[{"href":"https:\/\/www.yungayino.cl\/noticias\/index.php?rest_route=\/wp\/v2\/types\/post"}],"author":[{"embeddable":true,"href":"https:\/\/www.yungayino.cl\/noticias\/index.php?rest_route=\/wp\/v2\/users\/2"}],"replies":[{"embeddable":true,"href":"https:\/\/www.yungayino.cl\/noticias\/index.php?rest_route=%2Fwp%2Fv2%2Fcomments&post=9891"}],"version-history":[{"count":4,"href":"https:\/\/www.yungayino.cl\/noticias\/index.php?rest_route=\/wp\/v2\/posts\/9891\/revisions"}],"predecessor-version":[{"id":9895,"href":"https:\/\/www.yungayino.cl\/noticias\/index.php?rest_route=\/wp\/v2\/posts\/9891\/revisions\/9895"}],"wp:featuredmedia":[{"embeddable":true,"href":"https:\/\/www.yungayino.cl\/noticias\/index.php?rest_route=\/wp\/v2\/media\/16316"}],"wp:attachment":[{"href":"https:\/\/www.yungayino.cl\/noticias\/index.php?rest_route=%2Fwp%2Fv2%2Fmedia&parent=9891"}],"wp:term":[{"taxonomy":"category","embeddable":true,"href":"https:\/\/www.yungayino.cl\/noticias\/index.php?rest_route=%2Fwp%2Fv2%2Fcategories&post=9891"},{"taxonomy":"post_tag","embeddable":true,"href":"https:\/\/www.yungayino.cl\/noticias\/index.php?rest_route=%2Fwp%2Fv2%2Ftags&post=9891"}],"curies":[{"name":"wp","href":"https:\/\/api.w.org\/{rel}","templated":true}]}}