{"id":9897,"date":"2013-09-02T20:00:01","date_gmt":"2013-09-03T00:00:01","guid":{"rendered":"http:\/\/www.yungayino.cl\/noticias\/?p=9897"},"modified":"2013-09-02T21:43:40","modified_gmt":"2013-09-03T01:43:40","slug":"yungay-celebro-a-todos-los-adultos-mayores-que-pasaron-agosto","status":"publish","type":"post","link":"https:\/\/www.yungayino.cl\/noticias\/?p=9897","title":{"rendered":"Yungay Celebr\u00f3 a Todos los Adultos Mayores que \u201cPasaron Agosto\u201d"},"content":{"rendered":"<p><img loading=\"lazy\" decoding=\"async\" alt=\"YUNGAYINO.CL - El Portal De Yungay\" src=\"http:\/\/www.yungayino.cl\/imagenes\/chaoagosto2013.jpg\" width=\"500\" height=\"200\" \/><\/p>\n<p><span style=\"font-size: small; font-family: arial,helvetica,sans-serif;\">Yungay, como ya es tradicional el Municipio de Yungay celebr\u00f3 a todos los abuelitos y abuelitas que <b>\u201cpasaron agosto\u201d<\/b> con una entretenida Mateada en el Sal\u00f3n Multiuso. Hasta el lugar llegaron un centenar de adultos mayores de distintas organizaciones de la ciudad y tambi\u00e9n de los sectores rurales de nuestra comuna para celebrar que pasaron el mes m\u00e1s crudo del invierno. La actividad cont\u00f3 con la presencia de funcionarios del SENAMA, quienes hicieron entrega a 12 organizaciones de adultos mayores que se adjudicaron proyectos, los cuales permitir\u00e1n ir en ayuda para satisfacer sus necesidades y anhelos como implementaci\u00f3n, viajes de relajaci\u00f3n, arreglos de sedes, etc. Finalmente los adultos compartieron la bebida caliente del mate con tortilla, huevos duros, entre otras cosa y adem\u00e1s bailaron con un show preparado exclusivamente para ellos.<\/span><\/p>\n<p><a href=\"https:\/\/www.facebook.com\/media\/set\/?set=a.699120340103008.1073741931.159561284058919&amp;type=3&amp;uploaded=89\"><span style=\"font-size: small; font-family: arial,helvetica,sans-serif;\">Fotograf\u00edas<\/span><\/a><\/p>\n<p><a href=\"http:\/\/www.yungayino.cl\/noticias\/?p=9689\"><span style=\"font-size: small; font-family: arial,helvetica,sans-serif;\">M\u00e1s Informaci\u00f3n Proyectos<\/span><\/a><\/p>\n","protected":false},"excerpt":{"rendered":"<p>Yungay, como ya es tradicional el Municipio de Yungay celebr\u00f3 a todos los abuelitos y abuelitas que \u201cpasaron agosto\u201d con una entretenida Mateada en el Sal\u00f3n Multiuso. Hasta el lugar llegaron un centenar de&#46;&#46;&#46;<\/p>\n","protected":false},"author":2,"featured_media":16317,"comment_status":"open","ping_status":"open","sticky":false,"template":"","format":"standard","meta":{"footnotes":""},"categories":[1],"tags":[748,1115,8,6],"class_list":["post-9897","post","type-post","status-publish","format-standard","has-post-thumbnail","hentry","category-noticias","tag-chao-agosto","tag-noticias","tag-yungay","tag-yungayino"],"_links":{"self":[{"href":"https:\/\/www.yungayino.cl\/noticias\/index.php?rest_route=\/wp\/v2\/posts\/9897","targetHints":{"allow":["GET"]}}],"collection":[{"href":"https:\/\/www.yungayino.cl\/noticias\/index.php?rest_route=\/wp\/v2\/posts"}],"about":[{"href":"https:\/\/www.yungayino.cl\/noticias\/index.php?rest_route=\/wp\/v2\/types\/post"}],"author":[{"embeddable":true,"href":"https:\/\/www.yungayino.cl\/noticias\/index.php?rest_route=\/wp\/v2\/users\/2"}],"replies":[{"embeddable":true,"href":"https:\/\/www.yungayino.cl\/noticias\/index.php?rest_route=%2Fwp%2Fv2%2Fcomments&post=9897"}],"version-history":[{"count":5,"href":"https:\/\/www.yungayino.cl\/noticias\/index.php?rest_route=\/wp\/v2\/posts\/9897\/revisions"}],"predecessor-version":[{"id":9902,"href":"https:\/\/www.yungayino.cl\/noticias\/index.php?rest_route=\/wp\/v2\/posts\/9897\/revisions\/9902"}],"wp:featuredmedia":[{"embeddable":true,"href":"https:\/\/www.yungayino.cl\/noticias\/index.php?rest_route=\/wp\/v2\/media\/16317"}],"wp:attachment":[{"href":"https:\/\/www.yungayino.cl\/noticias\/index.php?rest_route=%2Fwp%2Fv2%2Fmedia&parent=9897"}],"wp:term":[{"taxonomy":"category","embeddable":true,"href":"https:\/\/www.yungayino.cl\/noticias\/index.php?rest_route=%2Fwp%2Fv2%2Fcategories&post=9897"},{"taxonomy":"post_tag","embeddable":true,"href":"https:\/\/www.yungayino.cl\/noticias\/index.php?rest_route=%2Fwp%2Fv2%2Ftags&post=9897"}],"curies":[{"name":"wp","href":"https:\/\/api.w.org\/{rel}","templated":true}]}}