{"id":9917,"date":"2013-09-07T21:00:06","date_gmt":"2013-09-08T01:00:06","guid":{"rendered":"http:\/\/www.yungayino.cl\/noticias\/?p=9917"},"modified":"2013-09-08T00:19:24","modified_gmt":"2013-09-08T04:19:24","slug":"agrupacion-folclorica-cantares-de-yungay-realizo-cuecazo-en-diferente-sectores-de-la-comuna","status":"publish","type":"post","link":"https:\/\/www.yungayino.cl\/noticias\/?p=9917","title":{"rendered":"Agrupaci\u00f3n Folcl\u00f3rica \u201cCantares de Yungay\u201d Realizo Cuecazo en Diferente Sectores de la Comuna"},"content":{"rendered":"<p><img loading=\"lazy\" decoding=\"async\" alt=\"YUNGAYINO.CL - El Portal de Yungay\" src=\"http:\/\/www.yungayino.cl\/imagenes\/cantares20130907.jpg\" width=\"500\" height=\"200\" \/><\/p>\n<p><span style=\"font-size: small; font-family: arial,helvetica,sans-serif;\">Yungay, s\u00e1bado 07 de septiembre a partir de las 11:00 horas la Agrupaci\u00f3n Folcl\u00f3rica <b>\u201cCantares de Yungay<\/b>\u201d comenz\u00f3 un recorrido deleitando a vecinos con un Gran Cuecazo por diferentes sectores p\u00fablicos de la comuna, todo con motivo del inicio de las Fiestas Patrias. En el Supermercado <b>\u201cJo-Ber-Car\u201d <\/b>se dio inicio a la jornada donde vecinos del sector disfrutaron y participaron de lo mejor de nuestro baile nacional, adem\u00e1s de compartir empanadas y ponche. Luego se trasladaron al sector c\u00e9ntrico de nuestra comuna espec\u00edficamente al Supermercado <b>\u201cUnimarc\u201d<\/b>, para continuar en la Ferreter\u00eda <b>\u201cAgro-Farran Ltda\u201d <\/b>y terminar el recorrido en el<b> Servicentro \u201cTerpel\u201d.<\/b> Finalmente destacar que la Agrupaci\u00f3n Folcl\u00f3rica <b>\u201cCantares de Yungay<\/b>\u201d es una de las organizaciones que siempre est\u00e1 presente en actividades que congrega a la comunidad, donde dan a conocer el trabajo y la evoluci\u00f3n que han experimentado en estos cinco a\u00f1os al servicio de la difusi\u00f3n de nuestro folclor.<\/span><\/p>\n<p><a href=\"https:\/\/www.facebook.com\/media\/set\/?set=a.701484486533260.1073741935.159561284058919&amp;type=3\"><span style=\"font-size: small; font-family: arial,helvetica,sans-serif;\">Fotograf\u00edas<\/span><\/a><\/p>\n<p><a href=\"http:\/\/www.yungayino.cl\/noticias\/?p=9917#comments\"><span style=\"font-size: small; font-family: arial,helvetica,sans-serif;\">Comente Aqu\u00ed<\/span><\/a><\/p>\n<p>&nbsp;<\/p>\n","protected":false},"excerpt":{"rendered":"<p>Yungay, s\u00e1bado 07 de septiembre a partir de las 11:00 horas la Agrupaci\u00f3n Folcl\u00f3rica \u201cCantares de Yungay\u201d comenz\u00f3 un recorrido deleitando a vecinos con un Gran Cuecazo por diferentes sectores p\u00fablicos de la comuna,&#46;&#46;&#46;<\/p>\n","protected":false},"author":2,"featured_media":16322,"comment_status":"open","ping_status":"open","sticky":false,"template":"","format":"standard","meta":{"footnotes":""},"categories":[1],"tags":[335,1115,8,6],"class_list":["post-9917","post","type-post","status-publish","format-standard","has-post-thumbnail","hentry","category-noticias","tag-cantares","tag-noticias","tag-yungay","tag-yungayino"],"_links":{"self":[{"href":"https:\/\/www.yungayino.cl\/noticias\/index.php?rest_route=\/wp\/v2\/posts\/9917","targetHints":{"allow":["GET"]}}],"collection":[{"href":"https:\/\/www.yungayino.cl\/noticias\/index.php?rest_route=\/wp\/v2\/posts"}],"about":[{"href":"https:\/\/www.yungayino.cl\/noticias\/index.php?rest_route=\/wp\/v2\/types\/post"}],"author":[{"embeddable":true,"href":"https:\/\/www.yungayino.cl\/noticias\/index.php?rest_route=\/wp\/v2\/users\/2"}],"replies":[{"embeddable":true,"href":"https:\/\/www.yungayino.cl\/noticias\/index.php?rest_route=%2Fwp%2Fv2%2Fcomments&post=9917"}],"version-history":[{"count":5,"href":"https:\/\/www.yungayino.cl\/noticias\/index.php?rest_route=\/wp\/v2\/posts\/9917\/revisions"}],"predecessor-version":[{"id":9927,"href":"https:\/\/www.yungayino.cl\/noticias\/index.php?rest_route=\/wp\/v2\/posts\/9917\/revisions\/9927"}],"wp:featuredmedia":[{"embeddable":true,"href":"https:\/\/www.yungayino.cl\/noticias\/index.php?rest_route=\/wp\/v2\/media\/16322"}],"wp:attachment":[{"href":"https:\/\/www.yungayino.cl\/noticias\/index.php?rest_route=%2Fwp%2Fv2%2Fmedia&parent=9917"}],"wp:term":[{"taxonomy":"category","embeddable":true,"href":"https:\/\/www.yungayino.cl\/noticias\/index.php?rest_route=%2Fwp%2Fv2%2Fcategories&post=9917"},{"taxonomy":"post_tag","embeddable":true,"href":"https:\/\/www.yungayino.cl\/noticias\/index.php?rest_route=%2Fwp%2Fv2%2Ftags&post=9917"}],"curies":[{"name":"wp","href":"https:\/\/api.w.org\/{rel}","templated":true}]}}