{"id":9943,"date":"2013-09-13T07:30:32","date_gmt":"2013-09-13T11:30:32","guid":{"rendered":"http:\/\/www.yungayino.cl\/noticias\/?p=9943"},"modified":"2013-09-13T07:55:34","modified_gmt":"2013-09-13T11:55:34","slug":"trabajadores-de-aserradero-y-remanufactura-arauco-participaron-activamente-de-tarde-recreativa-de-fiestas-patrias","status":"publish","type":"post","link":"https:\/\/www.yungayino.cl\/noticias\/?p=9943","title":{"rendered":"Trabajadores de Aserradero y Remanufactura Arauco Participaron Activamente de Tarde Recreativa de Fiestas Patrias"},"content":{"rendered":"<p><img loading=\"lazy\" decoding=\"async\" alt=\"YUNGAYINO.CL - El Portal de Yungay\" src=\"http:\/\/www.yungayino.cl\/imagenes\/aserraderos20130912.jpg\" width=\"500\" height=\"200\" \/><\/p>\n<p><span style=\"font-size: small; font-family: arial,helvetica,sans-serif;\">Cholgu\u00e1n, jueves 12 de septiembre a partir de las 16:00 horas los trabajadores de Aserradero y Remanufactura Arauco participaron activamente de una tarde recreativa en las dependencias de su propia planta como parte de las celebraciones de Fiestas Patrias. En la ocasi\u00f3n los asistentes tanto hombres como mujeres mostraron todas sus habilidades en las pruebas y competencias tradicionales de carreras en saco, el emboque, tirar la cuerda, el chancho enjabonado entre otras y donde al finalizada las pruebas los ganadores recibieron premios por su destacada participaci\u00f3n. Se\u00f1alar que tambi\u00e9n los presentes pudieron compartir y disfrutar de bebidas, el tradicional anticucho entre otros, todo acompa\u00f1ado de m\u00fasica y baile folkl\u00f3rico. Finalmente mencionar que la jornada estuvo liderada por su Gerente Augusto Bedoya Aravena m\u00e1s la compa\u00f1\u00eda de los diferentes jefes de departamentos y \u00e1reas.<\/span><\/p>\n<p><span style=\"font-size: small; font-family: arial,helvetica,sans-serif;\"><a href=\"https:\/\/www.facebook.com\/media\/set\/?set=a.704161126265596.1073741940.159561284058919&amp;type=3&amp;uploaded=100\">Fotograf\u00edas<\/a><\/span><\/p>\n","protected":false},"excerpt":{"rendered":"<p>Cholgu\u00e1n, jueves 12 de septiembre a partir de las 16:00 horas los trabajadores de Aserradero y Remanufactura Arauco participaron activamente de una tarde recreativa en las dependencias de su propia planta como parte de&#46;&#46;&#46;<\/p>\n","protected":false},"author":2,"featured_media":16326,"comment_status":"open","ping_status":"open","sticky":false,"template":"","format":"standard","meta":{"footnotes":""},"categories":[1],"tags":[684,1115,8,6],"class_list":["post-9943","post","type-post","status-publish","format-standard","has-post-thumbnail","hentry","category-noticias","tag-aserraderos-arauco","tag-noticias","tag-yungay","tag-yungayino"],"_links":{"self":[{"href":"https:\/\/www.yungayino.cl\/noticias\/index.php?rest_route=\/wp\/v2\/posts\/9943","targetHints":{"allow":["GET"]}}],"collection":[{"href":"https:\/\/www.yungayino.cl\/noticias\/index.php?rest_route=\/wp\/v2\/posts"}],"about":[{"href":"https:\/\/www.yungayino.cl\/noticias\/index.php?rest_route=\/wp\/v2\/types\/post"}],"author":[{"embeddable":true,"href":"https:\/\/www.yungayino.cl\/noticias\/index.php?rest_route=\/wp\/v2\/users\/2"}],"replies":[{"embeddable":true,"href":"https:\/\/www.yungayino.cl\/noticias\/index.php?rest_route=%2Fwp%2Fv2%2Fcomments&post=9943"}],"version-history":[{"count":2,"href":"https:\/\/www.yungayino.cl\/noticias\/index.php?rest_route=\/wp\/v2\/posts\/9943\/revisions"}],"predecessor-version":[{"id":9945,"href":"https:\/\/www.yungayino.cl\/noticias\/index.php?rest_route=\/wp\/v2\/posts\/9943\/revisions\/9945"}],"wp:featuredmedia":[{"embeddable":true,"href":"https:\/\/www.yungayino.cl\/noticias\/index.php?rest_route=\/wp\/v2\/media\/16326"}],"wp:attachment":[{"href":"https:\/\/www.yungayino.cl\/noticias\/index.php?rest_route=%2Fwp%2Fv2%2Fmedia&parent=9943"}],"wp:term":[{"taxonomy":"category","embeddable":true,"href":"https:\/\/www.yungayino.cl\/noticias\/index.php?rest_route=%2Fwp%2Fv2%2Fcategories&post=9943"},{"taxonomy":"post_tag","embeddable":true,"href":"https:\/\/www.yungayino.cl\/noticias\/index.php?rest_route=%2Fwp%2Fv2%2Ftags&post=9943"}],"curies":[{"name":"wp","href":"https:\/\/api.w.org\/{rel}","templated":true}]}}