{"id":9956,"date":"2013-09-15T10:00:59","date_gmt":"2013-09-15T14:00:59","guid":{"rendered":"http:\/\/www.yungayino.cl\/noticias\/?p=9956"},"modified":"2013-09-15T22:25:59","modified_gmt":"2013-09-16T02:25:59","slug":"9956","status":"publish","type":"post","link":"https:\/\/www.yungayino.cl\/noticias\/?p=9956","title":{"rendered":"Trabajadores de  Paneles Arauco Planta Trup\u00e1n-Cholgu\u00e1n Celebraron el Inicio de las Fiesta Patrias 2013"},"content":{"rendered":"<p><img loading=\"lazy\" decoding=\"async\" alt=\"YUNGAYINO.CL - El Portal de Yungay\" src=\"http:\/\/www.yungayino.cl\/imagenes\/panelesfiestaspatrias2013.jpg\" width=\"500\" height=\"200\" \/><\/p>\n<p><span style=\"font-size: small; font-family: arial,helvetica,sans-serif;\">Cholgu\u00e1n, viernes 13 de septiembre a partir de las 12:00 horas en las instalaciones del Complejo Deportivo de Paneles Arauco, los trabajadores de Paneles Arauco Planta Trup\u00e1n Cholgu\u00e1n, celebraron el inicio de las Fiestas Patrias 2013. En la ocasi\u00f3n los asistentes tanto hombres como mujeres participaron activamente de actividades recreativas donde mostraron todas sus habilidades en las pruebas y competencias tradicionales de carreras en saco, el emboque, tirar la cuerda, el trompo, tiro con rifle entre otras y donde al finalizar las pruebas los ganadores recibieron premios por su destacada participaci\u00f3n. Se\u00f1alar que tambi\u00e9n los presentes pudieron compartir y disfrutar de bebidas, empanadas y el tradicional anticucho entre otros, todo acompa\u00f1ado de un Esquinazo Folcl\u00f3rico.<\/span><\/p>\n<p><a href=\"https:\/\/www.facebook.com\/media\/set\/?set=a.705636352784740.1073741945.159561284058919&amp;type=3\"><span style=\"font-size: small; font-family: arial,helvetica,sans-serif;\">Fotograf\u00edas<\/span><\/a><\/p>\n","protected":false},"excerpt":{"rendered":"<p>Cholgu\u00e1n, viernes 13 de septiembre a partir de las 12:00 horas en las instalaciones del Complejo Deportivo de Paneles Arauco, los trabajadores de Paneles Arauco Planta Trup\u00e1n Cholgu\u00e1n, celebraron el inicio de las Fiestas&#46;&#46;&#46;<\/p>\n","protected":false},"author":2,"featured_media":16330,"comment_status":"open","ping_status":"open","sticky":false,"template":"","format":"standard","meta":{"footnotes":""},"categories":[1],"tags":[35,234,1115,250,8,6],"class_list":["post-9956","post","type-post","status-publish","format-standard","has-post-thumbnail","hentry","category-noticias","tag-cholguan","tag-fiestas-patrias-2010","tag-noticias","tag-paneles-arauco","tag-yungay","tag-yungayino"],"_links":{"self":[{"href":"https:\/\/www.yungayino.cl\/noticias\/index.php?rest_route=\/wp\/v2\/posts\/9956","targetHints":{"allow":["GET"]}}],"collection":[{"href":"https:\/\/www.yungayino.cl\/noticias\/index.php?rest_route=\/wp\/v2\/posts"}],"about":[{"href":"https:\/\/www.yungayino.cl\/noticias\/index.php?rest_route=\/wp\/v2\/types\/post"}],"author":[{"embeddable":true,"href":"https:\/\/www.yungayino.cl\/noticias\/index.php?rest_route=\/wp\/v2\/users\/2"}],"replies":[{"embeddable":true,"href":"https:\/\/www.yungayino.cl\/noticias\/index.php?rest_route=%2Fwp%2Fv2%2Fcomments&post=9956"}],"version-history":[{"count":4,"href":"https:\/\/www.yungayino.cl\/noticias\/index.php?rest_route=\/wp\/v2\/posts\/9956\/revisions"}],"predecessor-version":[{"id":9960,"href":"https:\/\/www.yungayino.cl\/noticias\/index.php?rest_route=\/wp\/v2\/posts\/9956\/revisions\/9960"}],"wp:featuredmedia":[{"embeddable":true,"href":"https:\/\/www.yungayino.cl\/noticias\/index.php?rest_route=\/wp\/v2\/media\/16330"}],"wp:attachment":[{"href":"https:\/\/www.yungayino.cl\/noticias\/index.php?rest_route=%2Fwp%2Fv2%2Fmedia&parent=9956"}],"wp:term":[{"taxonomy":"category","embeddable":true,"href":"https:\/\/www.yungayino.cl\/noticias\/index.php?rest_route=%2Fwp%2Fv2%2Fcategories&post=9956"},{"taxonomy":"post_tag","embeddable":true,"href":"https:\/\/www.yungayino.cl\/noticias\/index.php?rest_route=%2Fwp%2Fv2%2Ftags&post=9956"}],"curies":[{"name":"wp","href":"https:\/\/api.w.org\/{rel}","templated":true}]}}