{"id":9961,"date":"2013-09-15T22:00:32","date_gmt":"2013-09-16T02:00:32","guid":{"rendered":"http:\/\/www.yungayino.cl\/noticias\/?p=9961"},"modified":"2013-09-15T22:38:33","modified_gmt":"2013-09-16T02:38:33","slug":"te-deum-evangelico-se-realizo-en-yungay-con-motivo-de-fiestas-patrias-2013","status":"publish","type":"post","link":"https:\/\/www.yungayino.cl\/noticias\/?p=9961","title":{"rendered":"Te Deum Evang\u00e9lico se Realiz\u00f3 en Yungay con Motivo de Fiestas Patrias 2013"},"content":{"rendered":"<p><img loading=\"lazy\" decoding=\"async\" alt=\"YUNGAYINO.CL - El Portal de Yungay\" src=\"http:\/\/www.yungayino.cl\/imagenes\/tedeum20130913.jpg\" width=\"500\" height=\"200\" \/><\/p>\n<p><span style=\"font-size: small; font-family: arial,helvetica,sans-serif;\">Yungay, este domingo 15 de septiembre desde las 10:00 horas en el Templo La Ca\u00f1ada se realiz\u00f3 el Te Deum Evang\u00e9lico, actividad que se enmarca dentro del programa de fiestas patrias de nuestra comuna, esta ceremonia ecum\u00e9nica fue encabezada por el alcalde, Pedro Inostroza acompa\u00f1ado del Diputado Carlos Abel Jarpa, Concejales, Pastores de diversas Iglesias y autoridades locales. La celebraci\u00f3n contemplo un programa que incluy\u00f3 adem\u00e1s pr\u00e9dicas que fueron acompa\u00f1adas por canciones y alabanzas interpretadas por el Coro Instrumental.<\/span><\/p>\n<p><span style=\"font-size: small; font-family: arial,helvetica,sans-serif;\"><a href=\"https:\/\/www.facebook.com\/media\/set\/?set=a.705645242783851.1073741946.159561284058919&amp;type=3&amp;uploaded=22\">Fotograf\u00edas<\/a><\/span><\/p>\n","protected":false},"excerpt":{"rendered":"<p>Yungay, este domingo 15 de septiembre desde las 10:00 horas en el Templo La Ca\u00f1ada se realiz\u00f3 el Te Deum Evang\u00e9lico, actividad que se enmarca dentro del programa de fiestas patrias de nuestra comuna,&#46;&#46;&#46;<\/p>\n","protected":false},"author":2,"featured_media":16331,"comment_status":"open","ping_status":"open","sticky":false,"template":"","format":"standard","meta":{"footnotes":""},"categories":[1],"tags":[1115,8,6],"class_list":["post-9961","post","type-post","status-publish","format-standard","has-post-thumbnail","hentry","category-noticias","tag-noticias","tag-yungay","tag-yungayino"],"_links":{"self":[{"href":"https:\/\/www.yungayino.cl\/noticias\/index.php?rest_route=\/wp\/v2\/posts\/9961","targetHints":{"allow":["GET"]}}],"collection":[{"href":"https:\/\/www.yungayino.cl\/noticias\/index.php?rest_route=\/wp\/v2\/posts"}],"about":[{"href":"https:\/\/www.yungayino.cl\/noticias\/index.php?rest_route=\/wp\/v2\/types\/post"}],"author":[{"embeddable":true,"href":"https:\/\/www.yungayino.cl\/noticias\/index.php?rest_route=\/wp\/v2\/users\/2"}],"replies":[{"embeddable":true,"href":"https:\/\/www.yungayino.cl\/noticias\/index.php?rest_route=%2Fwp%2Fv2%2Fcomments&post=9961"}],"version-history":[{"count":2,"href":"https:\/\/www.yungayino.cl\/noticias\/index.php?rest_route=\/wp\/v2\/posts\/9961\/revisions"}],"predecessor-version":[{"id":9963,"href":"https:\/\/www.yungayino.cl\/noticias\/index.php?rest_route=\/wp\/v2\/posts\/9961\/revisions\/9963"}],"wp:featuredmedia":[{"embeddable":true,"href":"https:\/\/www.yungayino.cl\/noticias\/index.php?rest_route=\/wp\/v2\/media\/16331"}],"wp:attachment":[{"href":"https:\/\/www.yungayino.cl\/noticias\/index.php?rest_route=%2Fwp%2Fv2%2Fmedia&parent=9961"}],"wp:term":[{"taxonomy":"category","embeddable":true,"href":"https:\/\/www.yungayino.cl\/noticias\/index.php?rest_route=%2Fwp%2Fv2%2Fcategories&post=9961"},{"taxonomy":"post_tag","embeddable":true,"href":"https:\/\/www.yungayino.cl\/noticias\/index.php?rest_route=%2Fwp%2Fv2%2Ftags&post=9961"}],"curies":[{"name":"wp","href":"https:\/\/api.w.org\/{rel}","templated":true}]}}