{"id":9972,"date":"2013-09-16T21:00:25","date_gmt":"2013-09-17T01:00:25","guid":{"rendered":"http:\/\/www.yungayino.cl\/noticias\/?p=9972"},"modified":"2013-09-16T22:18:20","modified_gmt":"2013-09-17T02:18:20","slug":"comunidad-de-campanario-participo-del-desfile-de-fiestas-patrias","status":"publish","type":"post","link":"https:\/\/www.yungayino.cl\/noticias\/?p=9972","title":{"rendered":"Comunidad de Campanario Participo del Desfile de Fiestas Patrias"},"content":{"rendered":"<p><img loading=\"lazy\" decoding=\"async\" alt=\"YUNGAYINO.CL - El Portal de Yungay\" src=\"http:\/\/www.yungayino.cl\/imagenes\/desfilecampanario201309.jpg\" width=\"500\" height=\"200\" \/><\/p>\n<p><span style=\"font-size: small; font-family: arial,helvetica,sans-serif;\">Campanario, lunes 16 de septiembre la comunidad de Campanario participo activamente de acto c\u00edvico y desfile en homenaje a un nuevo aniversario de la Independencia de Chile. Ambas actividades estuvieron encabezadas por el alcalde Pedro Inostroza, qui\u00e9n en compa\u00f1\u00eda de autoridades locales vieron como agrupaciones de adultos mayores, clubes deportivos, unidades educativas, bomberos, funcionarios p\u00fablico y clubes de huasos, entre otras organizaciones formaron parte realizando una impecable presentaci\u00f3n a los sones de la Banda de Guerra de Yungay. Finalmente terminado el desfile las autoridades y p\u00fablico se trasladaron al gimnasio para realizar el tradicional vino de honor.<\/span><\/p>\n<p><a href=\"https:\/\/www.facebook.com\/media\/set\/?set=a.706237169391325.1073741950.159561284058919&amp;type=3&amp;uploaded=250\"><span style=\"font-size: small; font-family: arial,helvetica,sans-serif;\">Fotograf\u00edas<\/span><\/a><\/p>\n","protected":false},"excerpt":{"rendered":"<p>Campanario, lunes 16 de septiembre la comunidad de Campanario participo activamente de acto c\u00edvico y desfile en homenaje a un nuevo aniversario de la Independencia de Chile. Ambas actividades estuvieron encabezadas por el alcalde&#46;&#46;&#46;<\/p>\n","protected":false},"author":2,"featured_media":16334,"comment_status":"open","ping_status":"open","sticky":false,"template":"","format":"standard","meta":{"footnotes":""},"categories":[1],"tags":[31,423,1115,8,6],"class_list":["post-9972","post","type-post","status-publish","format-standard","has-post-thumbnail","hentry","category-noticias","tag-campanario","tag-desfile-fiestas-patrias","tag-noticias","tag-yungay","tag-yungayino"],"_links":{"self":[{"href":"https:\/\/www.yungayino.cl\/noticias\/index.php?rest_route=\/wp\/v2\/posts\/9972","targetHints":{"allow":["GET"]}}],"collection":[{"href":"https:\/\/www.yungayino.cl\/noticias\/index.php?rest_route=\/wp\/v2\/posts"}],"about":[{"href":"https:\/\/www.yungayino.cl\/noticias\/index.php?rest_route=\/wp\/v2\/types\/post"}],"author":[{"embeddable":true,"href":"https:\/\/www.yungayino.cl\/noticias\/index.php?rest_route=\/wp\/v2\/users\/2"}],"replies":[{"embeddable":true,"href":"https:\/\/www.yungayino.cl\/noticias\/index.php?rest_route=%2Fwp%2Fv2%2Fcomments&post=9972"}],"version-history":[{"count":5,"href":"https:\/\/www.yungayino.cl\/noticias\/index.php?rest_route=\/wp\/v2\/posts\/9972\/revisions"}],"predecessor-version":[{"id":9977,"href":"https:\/\/www.yungayino.cl\/noticias\/index.php?rest_route=\/wp\/v2\/posts\/9972\/revisions\/9977"}],"wp:featuredmedia":[{"embeddable":true,"href":"https:\/\/www.yungayino.cl\/noticias\/index.php?rest_route=\/wp\/v2\/media\/16334"}],"wp:attachment":[{"href":"https:\/\/www.yungayino.cl\/noticias\/index.php?rest_route=%2Fwp%2Fv2%2Fmedia&parent=9972"}],"wp:term":[{"taxonomy":"category","embeddable":true,"href":"https:\/\/www.yungayino.cl\/noticias\/index.php?rest_route=%2Fwp%2Fv2%2Fcategories&post=9972"},{"taxonomy":"post_tag","embeddable":true,"href":"https:\/\/www.yungayino.cl\/noticias\/index.php?rest_route=%2Fwp%2Fv2%2Ftags&post=9972"}],"curies":[{"name":"wp","href":"https:\/\/api.w.org\/{rel}","templated":true}]}}