{"id":9978,"date":"2013-09-17T23:00:43","date_gmt":"2013-09-18T03:00:43","guid":{"rendered":"http:\/\/www.yungayino.cl\/noticias\/?p=9978"},"modified":"2013-09-18T08:20:01","modified_gmt":"2013-09-18T12:20:01","slug":"inauguradas-ramadas-oficiales-para-fiestas-patrias-2013-en-yungay","status":"publish","type":"post","link":"https:\/\/www.yungayino.cl\/noticias\/?p=9978","title":{"rendered":"Inauguradas Ramadas Oficiales Para Fiestas Patrias 2013 en Yungay"},"content":{"rendered":"<p><img loading=\"lazy\" decoding=\"async\" alt=\"YUNGAYINO.CL - El Portal de Yungay\" src=\"http:\/\/www.yungayino.cl\/imagenes\/inauguracionramadas2013.jpg\" width=\"500\" height=\"200\" \/><\/p>\n<p><span style=\"font-size: small; font-family: arial,helvetica,sans-serif;\">Yungay, martes 17 de septiembre en medio de gran jolgorio popular, a partir de las 16:00 horas se dio inicio a la inauguraci\u00f3n de las ramadas en la comuna, siendo las fondas del sector rural las primeras en abrirse con el tradicional corte de cinta y pie de cueca. Desde el inicio de la inauguraci\u00f3n se cont\u00f3 con una comitiva encabezada por el Alcalde Pedro Inostroza Valenzuela, el Mayor Darwin Illanes Aguilera, Concejales y Funcionarios Municipales. A las 21:00 horas y con un escenario preparado para la ocasi\u00f3n\u00a0y con la compa\u00f1\u00eda del conjunto folcl\u00f3rico Mapuketr\u00e1n, fue el turno de la inauguraci\u00f3n de las fondas de la zona urbana, donde la primera autoridad comparti\u00f3 e hizo entrega de un regalo a cada fondero y les deseo que le fuera muy bien, tambi\u00e9n hizo un llamado a la comunidad a compartir en unidad y disfrutar de estas Fiestas Patrias 2013. Finalmente se\u00f1alar que tambi\u00e9n se eligi\u00f3 a la mejor ramada siendo ganadora la ramada <b>\u201cLa Yungayina\u201d <\/b>\u00a0y en chicher\u00eda la ganadora fue <b>\u201cYuli\u201d<\/b>.<\/span><\/p>\n<p><span style=\"font-size: small; font-family: arial,helvetica,sans-serif;\"><a href=\"https:\/\/www.facebook.com\/media\/set\/?set=a.707025085979200.1073741951.159561284058919&amp;type=3\">Fotograf\u00edas<\/a><\/span><\/p>\n","protected":false},"excerpt":{"rendered":"<p>Yungay, martes 17 de septiembre en medio de gran jolgorio popular, a partir de las 16:00 horas se dio inicio a la inauguraci\u00f3n de las ramadas en la comuna, siendo las fondas del sector&#46;&#46;&#46;<\/p>\n","protected":false},"author":2,"featured_media":16335,"comment_status":"open","ping_status":"open","sticky":false,"template":"","format":"standard","meta":{"footnotes":""},"categories":[1],"tags":[528,1115,251,8,6],"class_list":["post-9978","post","type-post","status-publish","format-standard","has-post-thumbnail","hentry","category-noticias","tag-fiestas-patrias","tag-noticias","tag-ramadas","tag-yungay","tag-yungayino"],"_links":{"self":[{"href":"https:\/\/www.yungayino.cl\/noticias\/index.php?rest_route=\/wp\/v2\/posts\/9978","targetHints":{"allow":["GET"]}}],"collection":[{"href":"https:\/\/www.yungayino.cl\/noticias\/index.php?rest_route=\/wp\/v2\/posts"}],"about":[{"href":"https:\/\/www.yungayino.cl\/noticias\/index.php?rest_route=\/wp\/v2\/types\/post"}],"author":[{"embeddable":true,"href":"https:\/\/www.yungayino.cl\/noticias\/index.php?rest_route=\/wp\/v2\/users\/2"}],"replies":[{"embeddable":true,"href":"https:\/\/www.yungayino.cl\/noticias\/index.php?rest_route=%2Fwp%2Fv2%2Fcomments&post=9978"}],"version-history":[{"count":3,"href":"https:\/\/www.yungayino.cl\/noticias\/index.php?rest_route=\/wp\/v2\/posts\/9978\/revisions"}],"predecessor-version":[{"id":9981,"href":"https:\/\/www.yungayino.cl\/noticias\/index.php?rest_route=\/wp\/v2\/posts\/9978\/revisions\/9981"}],"wp:featuredmedia":[{"embeddable":true,"href":"https:\/\/www.yungayino.cl\/noticias\/index.php?rest_route=\/wp\/v2\/media\/16335"}],"wp:attachment":[{"href":"https:\/\/www.yungayino.cl\/noticias\/index.php?rest_route=%2Fwp%2Fv2%2Fmedia&parent=9978"}],"wp:term":[{"taxonomy":"category","embeddable":true,"href":"https:\/\/www.yungayino.cl\/noticias\/index.php?rest_route=%2Fwp%2Fv2%2Fcategories&post=9978"},{"taxonomy":"post_tag","embeddable":true,"href":"https:\/\/www.yungayino.cl\/noticias\/index.php?rest_route=%2Fwp%2Fv2%2Ftags&post=9978"}],"curies":[{"name":"wp","href":"https:\/\/api.w.org\/{rel}","templated":true}]}}