{"id":9982,"date":"2013-09-17T08:00:38","date_gmt":"2013-09-17T12:00:38","guid":{"rendered":"http:\/\/www.yungayino.cl\/noticias\/?p=9982"},"modified":"2013-09-19T16:05:24","modified_gmt":"2013-09-19T20:05:24","slug":"carabineros-de-la-cuarta-comisaria-de-yungay-se-reunio-con-fonderos","status":"publish","type":"post","link":"https:\/\/www.yungayino.cl\/noticias\/?p=9982","title":{"rendered":"Carabineros de la Cuarta Comisar\u00eda de Yungay se Reuni\u00f3 con Fonderos"},"content":{"rendered":"<p><img loading=\"lazy\" decoding=\"async\" alt=\"YUNGAYINO.CL - El Portal de Yungay\" src=\"http:\/\/www.yungayino.cl\/imagenes\/carabinerosenramadas.jpg\" width=\"500\" height=\"200\" \/><\/p>\n<p><span style=\"font-size: small; font-family: arial,helvetica,sans-serif;\">Yungay, Carabineros de la Cuarta Comisar\u00eda encabezados por el Mayor Darwin Illanes Aguilera, se reuni\u00f3 con los fonderos para entregar informaci\u00f3n con respecto a este 18 de septiembre, donde la idea es que los mismos locatarios puedan ir instruyendo a las personas en las responsabilidades y prevenciones que se deben tener, como dice la iniciativa del Gobierno <b>\u201cUn 18 m\u00e1s Seguro\u201d. <\/b>La iniciativa tuvo una muy buena acogida por parte de los locatarios, quienes tambi\u00e9n recibieron d\u00edpticos con se\u00f1ales de \u201cSalida de Emergencia\u201d, \u201dEquipos de Extinci\u00f3n de incendios\u201d, \u201dNo Fumar\u201d, entre otros. Finalmente el Mayor Darwin Illanes Aguilera manifest\u00f3; \u201cQueremos que todos pasemos unas fiestas patrias inolvidables, con un lindo recuerdo, donde no tengamos accidentes que lamentar, la idea aqu\u00ed es que las personas cuiden su integridad f\u00edsica, es por ello que entregamos estas recomendaciones a los fonderos\u201d.<\/span><\/p>\n<p><span style=\"font-size: small; font-family: arial,helvetica,sans-serif;\"><a href=\"https:\/\/www.facebook.com\/media\/set\/?set=a.707826692565706.1073741952.159561284058919&amp;type=3&amp;uploaded=18\">Fotograf\u00edas<\/a><\/span><\/p>\n","protected":false},"excerpt":{"rendered":"<p>Yungay, Carabineros de la Cuarta Comisar\u00eda encabezados por el Mayor Darwin Illanes Aguilera, se reuni\u00f3 con los fonderos para entregar informaci\u00f3n con respecto a este 18 de septiembre, donde la idea es que los&#46;&#46;&#46;<\/p>\n","protected":false},"author":2,"featured_media":16336,"comment_status":"open","ping_status":"open","sticky":false,"template":"","format":"standard","meta":{"footnotes":""},"categories":[1],"tags":[25,528,1115,8,6],"class_list":["post-9982","post","type-post","status-publish","format-standard","has-post-thumbnail","hentry","category-noticias","tag-carabineros","tag-fiestas-patrias","tag-noticias","tag-yungay","tag-yungayino"],"_links":{"self":[{"href":"https:\/\/www.yungayino.cl\/noticias\/index.php?rest_route=\/wp\/v2\/posts\/9982","targetHints":{"allow":["GET"]}}],"collection":[{"href":"https:\/\/www.yungayino.cl\/noticias\/index.php?rest_route=\/wp\/v2\/posts"}],"about":[{"href":"https:\/\/www.yungayino.cl\/noticias\/index.php?rest_route=\/wp\/v2\/types\/post"}],"author":[{"embeddable":true,"href":"https:\/\/www.yungayino.cl\/noticias\/index.php?rest_route=\/wp\/v2\/users\/2"}],"replies":[{"embeddable":true,"href":"https:\/\/www.yungayino.cl\/noticias\/index.php?rest_route=%2Fwp%2Fv2%2Fcomments&post=9982"}],"version-history":[{"count":2,"href":"https:\/\/www.yungayino.cl\/noticias\/index.php?rest_route=\/wp\/v2\/posts\/9982\/revisions"}],"predecessor-version":[{"id":9984,"href":"https:\/\/www.yungayino.cl\/noticias\/index.php?rest_route=\/wp\/v2\/posts\/9982\/revisions\/9984"}],"wp:featuredmedia":[{"embeddable":true,"href":"https:\/\/www.yungayino.cl\/noticias\/index.php?rest_route=\/wp\/v2\/media\/16336"}],"wp:attachment":[{"href":"https:\/\/www.yungayino.cl\/noticias\/index.php?rest_route=%2Fwp%2Fv2%2Fmedia&parent=9982"}],"wp:term":[{"taxonomy":"category","embeddable":true,"href":"https:\/\/www.yungayino.cl\/noticias\/index.php?rest_route=%2Fwp%2Fv2%2Fcategories&post=9982"},{"taxonomy":"post_tag","embeddable":true,"href":"https:\/\/www.yungayino.cl\/noticias\/index.php?rest_route=%2Fwp%2Fv2%2Ftags&post=9982"}],"curies":[{"name":"wp","href":"https:\/\/api.w.org\/{rel}","templated":true}]}}