{"id":9998,"date":"2013-09-21T07:00:16","date_gmt":"2013-09-21T11:00:16","guid":{"rendered":"http:\/\/www.yungayino.cl\/noticias\/?p=9998"},"modified":"2013-09-21T14:18:07","modified_gmt":"2013-09-21T18:18:07","slug":"trabajadores-radiales-celebran-su-dia","status":"publish","type":"post","link":"https:\/\/www.yungayino.cl\/noticias\/?p=9998","title":{"rendered":"Trabajadores Radiales  Celebran su D\u00eda"},"content":{"rendered":"<p><img loading=\"lazy\" decoding=\"async\" alt=\"YUNGAYINO.CL - El Portal de Yungay\" src=\"http:\/\/www.yungayino.cl\/imagenes\/radio.jpg\" width=\"500\" height=\"181\" \/><\/p>\n<p><span style=\"font-size: small; font-family: arial,helvetica,sans-serif;\">Yungay, \u00a0hoy \u00a021 de septiembre los trabajadores radiales celebran su d\u00eda, el cu\u00e1l fue instaurado en la d\u00e9cada de los 40, como una forma de reconocer la labor de quienes se desempe\u00f1an durante los 365 d\u00edas del a\u00f1o en las distintas radioemisoras del pa\u00eds, es por eso que los diales este d\u00eda se silenciaran para que todos los trabajadores radiales disfruten de un merecido descanso para que compartan con su familia. Es por eso que en este d\u00eda tan especial del <b>\u201cD\u00eda del Trabajador Radial\u201d <\/b>el Equipo del Portal Yungayino.cl saluda afectuosamente a todos los trabajadores y especialmente a los que laboran en las radios de nuestra comuna como Trigal, Stefania, Principal y La Voz de Yungay y les desea muchas felicidades.<\/span><\/p>\n<p><a href=\"http:\/\/www.yungayino.cl\/noticias\/?p=9998#comments\"><span style=\"font-size: small; font-family: arial,helvetica,sans-serif;\">Env\u00ede sus saludos aqu\u00ed<\/span><\/a><\/p>\n<p>&nbsp;<\/p>\n","protected":false},"excerpt":{"rendered":"<p>Yungay, \u00a0hoy \u00a021 de septiembre los trabajadores radiales celebran su d\u00eda, el cu\u00e1l fue instaurado en la d\u00e9cada de los 40, como una forma de reconocer la labor de quienes se desempe\u00f1an durante los&#46;&#46;&#46;<\/p>\n","protected":false},"author":2,"featured_media":16340,"comment_status":"open","ping_status":"open","sticky":false,"template":"","format":"standard","meta":{"footnotes":""},"categories":[1],"tags":[755,1115,8,6],"class_list":["post-9998","post","type-post","status-publish","format-standard","has-post-thumbnail","hentry","category-noticias","tag-dia-trabajador-radial","tag-noticias","tag-yungay","tag-yungayino"],"_links":{"self":[{"href":"https:\/\/www.yungayino.cl\/noticias\/index.php?rest_route=\/wp\/v2\/posts\/9998","targetHints":{"allow":["GET"]}}],"collection":[{"href":"https:\/\/www.yungayino.cl\/noticias\/index.php?rest_route=\/wp\/v2\/posts"}],"about":[{"href":"https:\/\/www.yungayino.cl\/noticias\/index.php?rest_route=\/wp\/v2\/types\/post"}],"author":[{"embeddable":true,"href":"https:\/\/www.yungayino.cl\/noticias\/index.php?rest_route=\/wp\/v2\/users\/2"}],"replies":[{"embeddable":true,"href":"https:\/\/www.yungayino.cl\/noticias\/index.php?rest_route=%2Fwp%2Fv2%2Fcomments&post=9998"}],"version-history":[{"count":2,"href":"https:\/\/www.yungayino.cl\/noticias\/index.php?rest_route=\/wp\/v2\/posts\/9998\/revisions"}],"predecessor-version":[{"id":10000,"href":"https:\/\/www.yungayino.cl\/noticias\/index.php?rest_route=\/wp\/v2\/posts\/9998\/revisions\/10000"}],"wp:featuredmedia":[{"embeddable":true,"href":"https:\/\/www.yungayino.cl\/noticias\/index.php?rest_route=\/wp\/v2\/media\/16340"}],"wp:attachment":[{"href":"https:\/\/www.yungayino.cl\/noticias\/index.php?rest_route=%2Fwp%2Fv2%2Fmedia&parent=9998"}],"wp:term":[{"taxonomy":"category","embeddable":true,"href":"https:\/\/www.yungayino.cl\/noticias\/index.php?rest_route=%2Fwp%2Fv2%2Fcategories&post=9998"},{"taxonomy":"post_tag","embeddable":true,"href":"https:\/\/www.yungayino.cl\/noticias\/index.php?rest_route=%2Fwp%2Fv2%2Ftags&post=9998"}],"curies":[{"name":"wp","href":"https:\/\/api.w.org\/{rel}","templated":true}]}}